{"id":110274,"date":"2024-07-09T10:38:22","date_gmt":"2024-07-09T13:38:22","guid":{"rendered":"https:\/\/blogdoedvaldomagalhaes.com.br\/?p=110274"},"modified":"2024-07-09T10:38:22","modified_gmt":"2024-07-09T13:38:22","slug":"pm-recupera-2-mil-metros-de-cabos-de-fio-de-internet","status":"publish","type":"post","link":"https:\/\/blogdoedvaldomagalhaes.com.br\/index.php\/2024\/07\/09\/pm-recupera-2-mil-metros-de-cabos-de-fio-de-internet\/","title":{"rendered":"PM recupera 2 mil metros de cabos de fio de internet"},"content":{"rendered":"<p>Policiais militares do 19\u00ba BPM apreenderam, na madrugada desta ter\u00e7a-feira (09\/07), uma carga de cabos de fio de internet furtados, em Boa Viagem. O efetivo foi acionado pelo Copom para verificar a ocorr\u00eancia, em local pr\u00f3ximo ao Parque Dona Lindu, e visualizou duas carro\u00e7as tracionadas por cavalos.<\/p>\n<p>Ao notar a chegada do policiamento, os dois condutores suspeitos fugiram em dire\u00e7\u00e3o ao parque, n\u00e3o tendo sido poss\u00edvel alcan\u00e7\u00e1-los. Ao verificar as carro\u00e7as, foram encontrados em ambos volumes dos fios furtados, que totalizaram cerca de 2 mil metros.<\/p>\n<p>Todo o material e os cavalos foram apresentados na Delegacia de Boa Viagem, para formaliza\u00e7\u00e3o da apreens\u00e3o e ado\u00e7\u00e3o das provid\u00eancias cab\u00edveis em rela\u00e7\u00e3o aos animais. Foto: Divulga\u00e7\u00e3o\/PMPE<br \/>\nSeja seguidor do Instagram do Blog @blogdoedvaldomagalhaes<\/p>\n","protected":false},"excerpt":{"rendered":"<p>Policiais militares do 19\u00ba BPM apreenderam, na madrugada desta ter\u00e7a-feira (09\/07), uma carga de cabos de fio de internet furtados,&hellip;<\/p>\n","protected":false},"author":1,"featured_media":110275,"comment_status":"closed","ping_status":"open","sticky":false,"template":"","format":"standard","meta":{"footnotes":""},"categories":[14121],"tags":[28803,27410,2,28801,31020,905],"class_list":["post-110274","post","type-post","status-publish","format-standard","has-post-thumbnail","hentry","category-policial","tag-blog-com-mais-visualizacoes","tag-blog-de-caruaru","tag-blog-do-edvaldo-magalhaes","tag-blog-mais-acessado","tag-pm-recupera-2-mil-metros-de-cabos-de-fio-de-internet","tag-policia"],"_links":{"self":[{"href":"https:\/\/blogdoedvaldomagalhaes.com.br\/index.php\/wp-json\/wp\/v2\/posts\/110274","targetHints":{"allow":["GET"]}}],"collection":[{"href":"https:\/\/blogdoedvaldomagalhaes.com.br\/index.php\/wp-json\/wp\/v2\/posts"}],"about":[{"href":"https:\/\/blogdoedvaldomagalhaes.com.br\/index.php\/wp-json\/wp\/v2\/types\/post"}],"author":[{"embeddable":true,"href":"https:\/\/blogdoedvaldomagalhaes.com.br\/index.php\/wp-json\/wp\/v2\/users\/1"}],"replies":[{"embeddable":true,"href":"https:\/\/blogdoedvaldomagalhaes.com.br\/index.php\/wp-json\/wp\/v2\/comments?post=110274"}],"version-history":[{"count":1,"href":"https:\/\/blogdoedvaldomagalhaes.com.br\/index.php\/wp-json\/wp\/v2\/posts\/110274\/revisions"}],"predecessor-version":[{"id":110276,"href":"https:\/\/blogdoedvaldomagalhaes.com.br\/index.php\/wp-json\/wp\/v2\/posts\/110274\/revisions\/110276"}],"wp:featuredmedia":[{"embeddable":true,"href":"https:\/\/blogdoedvaldomagalhaes.com.br\/index.php\/wp-json\/wp\/v2\/media\/110275"}],"wp:attachment":[{"href":"https:\/\/blogdoedvaldomagalhaes.com.br\/index.php\/wp-json\/wp\/v2\/media?parent=110274"}],"wp:term":[{"taxonomy":"category","embeddable":true,"href":"https:\/\/blogdoedvaldomagalhaes.com.br\/index.php\/wp-json\/wp\/v2\/categories?post=110274"},{"taxonomy":"post_tag","embeddable":true,"href":"https:\/\/blogdoedvaldomagalhaes.com.br\/index.php\/wp-json\/wp\/v2\/tags?post=110274"}],"curies":[{"name":"wp","href":"https:\/\/api.w.org\/{rel}","templated":true}]}}