{"id":110271,"date":"2024-07-09T10:23:18","date_gmt":"2024-07-09T13:23:18","guid":{"rendered":"https:\/\/blogdoedvaldomagalhaes.com.br\/?p=110271"},"modified":"2024-07-09T10:23:18","modified_gmt":"2024-07-09T13:23:18","slug":"homem-e-preso-com-revolveres-e-rifle-em-plantacao-de-maconha","status":"publish","type":"post","link":"https:\/\/blogdoedvaldomagalhaes.com.br\/index.php\/2024\/07\/09\/homem-e-preso-com-revolveres-e-rifle-em-plantacao-de-maconha\/","title":{"rendered":"Homem \u00e9 preso com rev\u00f3lveres e rifle em planta\u00e7\u00e3o de maconha"},"content":{"rendered":"<p>Com apoio dos servi\u00e7os de Intelig\u00eancia da Pol\u00edcia Rodovi\u00e1ria Federal, da 7\u00aa CIPM e do 5\u00ba BPM, policiais militares da 7\u00aa CIPM prenderam um homem em meio a uma planta\u00e7\u00e3o de maconha, no assentamento Safra, na zona rural de Lagoa Grande, no final da noite de segunda-feira (08\/07).<\/p>\n<p>Ap\u00f3s o levantamento de informa\u00e7\u00f5es, o efetivo empreendeu buscas na localidade, encontrando no meio de uma vegeta\u00e7\u00e3o fechada o cultivo da erva em diversas fases de crescimento, totalizando 10.800 p\u00e9s. Al\u00e9m do cultivo, foram apreendidos ainda 29kg de droga pronta para o consumo.<\/p>\n<p>O suspeito detido estava portando dois rev\u00f3lveres e um rifle, ambos de calibre .38, com 12 muni\u00e7\u00f5es intactas. Todo o material encontrado foi incinerado no pr\u00f3prio local, exceto uma amostra de cinco p\u00e9s, conduzida para a Delegacia de Plant\u00e3o da cidade, para onde tamb\u00e9m foi encaminhado o envolvido. Foto: Divulga\u00e7\u00e3o\/PM<br \/>\nSeja seguidor do Instagram do Blog @blogdoedvaldomagalhaes<\/p>\n","protected":false},"excerpt":{"rendered":"<p>Com apoio dos servi\u00e7os de Intelig\u00eancia da Pol\u00edcia Rodovi\u00e1ria Federal, da 7\u00aa CIPM e do 5\u00ba BPM, policiais militares da&hellip;<\/p>\n","protected":false},"author":1,"featured_media":110272,"comment_status":"closed","ping_status":"open","sticky":false,"template":"","format":"standard","meta":{"footnotes":""},"categories":[14121],"tags":[30253,28803,13146,28801,31019,905],"class_list":["post-110271","post","type-post","status-publish","format-standard","has-post-thumbnail","hentry","category-policial","tag-blog-caruaru","tag-blog-com-mais-visualizacoes","tag-blog-edvaldo-magalhaes","tag-blog-mais-acessado","tag-homem-e-preso-com-revolveres-e-rifle-em-plantacao-de-maconha","tag-policia"],"_links":{"self":[{"href":"https:\/\/blogdoedvaldomagalhaes.com.br\/index.php\/wp-json\/wp\/v2\/posts\/110271","targetHints":{"allow":["GET"]}}],"collection":[{"href":"https:\/\/blogdoedvaldomagalhaes.com.br\/index.php\/wp-json\/wp\/v2\/posts"}],"about":[{"href":"https:\/\/blogdoedvaldomagalhaes.com.br\/index.php\/wp-json\/wp\/v2\/types\/post"}],"author":[{"embeddable":true,"href":"https:\/\/blogdoedvaldomagalhaes.com.br\/index.php\/wp-json\/wp\/v2\/users\/1"}],"replies":[{"embeddable":true,"href":"https:\/\/blogdoedvaldomagalhaes.com.br\/index.php\/wp-json\/wp\/v2\/comments?post=110271"}],"version-history":[{"count":1,"href":"https:\/\/blogdoedvaldomagalhaes.com.br\/index.php\/wp-json\/wp\/v2\/posts\/110271\/revisions"}],"predecessor-version":[{"id":110273,"href":"https:\/\/blogdoedvaldomagalhaes.com.br\/index.php\/wp-json\/wp\/v2\/posts\/110271\/revisions\/110273"}],"wp:featuredmedia":[{"embeddable":true,"href":"https:\/\/blogdoedvaldomagalhaes.com.br\/index.php\/wp-json\/wp\/v2\/media\/110272"}],"wp:attachment":[{"href":"https:\/\/blogdoedvaldomagalhaes.com.br\/index.php\/wp-json\/wp\/v2\/media?parent=110271"}],"wp:term":[{"taxonomy":"category","embeddable":true,"href":"https:\/\/blogdoedvaldomagalhaes.com.br\/index.php\/wp-json\/wp\/v2\/categories?post=110271"},{"taxonomy":"post_tag","embeddable":true,"href":"https:\/\/blogdoedvaldomagalhaes.com.br\/index.php\/wp-json\/wp\/v2\/tags?post=110271"}],"curies":[{"name":"wp","href":"https:\/\/api.w.org\/{rel}","templated":true}]}}