{"id":110268,"date":"2024-07-09T09:22:29","date_gmt":"2024-07-09T12:22:29","guid":{"rendered":"https:\/\/blogdoedvaldomagalhaes.com.br\/?p=110268"},"modified":"2024-07-09T09:22:29","modified_gmt":"2024-07-09T12:22:29","slug":"um-morto-e-quatro-feridos-apos-colisao-entre-moto-e-carro","status":"publish","type":"post","link":"https:\/\/blogdoedvaldomagalhaes.com.br\/index.php\/2024\/07\/09\/um-morto-e-quatro-feridos-apos-colisao-entre-moto-e-carro\/","title":{"rendered":"Um morto e quatro feridos, ap\u00f3s colis\u00e3o entre moto e carro"},"content":{"rendered":"<p>Uma colis\u00e3o frontal entre moto e carro, na tarde dessa segunda-feira (09.07), na BR 423, no munic\u00edpio de Iati, no Agreste Meridional de Pernambuco, deixou uma pessoa morta e outras quatro feridas. A v\u00edtima fatal foi Juarez Marinho, de 36 anos, que conduzia uma motocicleta. Quatro ocupantes do autom\u00f3vel ficaram feridos e ficaram socorridos.<\/p>\n<p>A Pol\u00edcia Rodovi\u00e1ria Federal (PRF), informou que atendeu o sinistro de tr\u00e2nsito no Km 145, por volta das 13h14, e que os ve\u00edculos incendiaram depois da colis\u00e3o frontal. Foto: Divulga\u00e7\u00e3o\/PRF.<br \/>\nSeja seguidor do Instagram do Blog @blogdoedvaldomagalhaes<\/p>\n","protected":false},"excerpt":{"rendered":"<p>Uma colis\u00e3o frontal entre moto e carro, na tarde dessa segunda-feira (09.07), na BR 423, no munic\u00edpio de Iati, no&hellip;<\/p>\n","protected":false},"author":1,"featured_media":110269,"comment_status":"closed","ping_status":"open","sticky":false,"template":"","format":"standard","meta":{"footnotes":""},"categories":[14120],"tags":[14276,28803,27410,2,28801,31018],"class_list":["post-110268","post","type-post","status-publish","format-standard","has-post-thumbnail","hentry","category-noticias","tag-acidente","tag-blog-com-mais-visualizacoes","tag-blog-de-caruaru","tag-blog-do-edvaldo-magalhaes","tag-blog-mais-acessado","tag-um-morto-e-quatro-feridos-apos-colisao-entre-moto-e-carro"],"_links":{"self":[{"href":"https:\/\/blogdoedvaldomagalhaes.com.br\/index.php\/wp-json\/wp\/v2\/posts\/110268","targetHints":{"allow":["GET"]}}],"collection":[{"href":"https:\/\/blogdoedvaldomagalhaes.com.br\/index.php\/wp-json\/wp\/v2\/posts"}],"about":[{"href":"https:\/\/blogdoedvaldomagalhaes.com.br\/index.php\/wp-json\/wp\/v2\/types\/post"}],"author":[{"embeddable":true,"href":"https:\/\/blogdoedvaldomagalhaes.com.br\/index.php\/wp-json\/wp\/v2\/users\/1"}],"replies":[{"embeddable":true,"href":"https:\/\/blogdoedvaldomagalhaes.com.br\/index.php\/wp-json\/wp\/v2\/comments?post=110268"}],"version-history":[{"count":1,"href":"https:\/\/blogdoedvaldomagalhaes.com.br\/index.php\/wp-json\/wp\/v2\/posts\/110268\/revisions"}],"predecessor-version":[{"id":110270,"href":"https:\/\/blogdoedvaldomagalhaes.com.br\/index.php\/wp-json\/wp\/v2\/posts\/110268\/revisions\/110270"}],"wp:featuredmedia":[{"embeddable":true,"href":"https:\/\/blogdoedvaldomagalhaes.com.br\/index.php\/wp-json\/wp\/v2\/media\/110269"}],"wp:attachment":[{"href":"https:\/\/blogdoedvaldomagalhaes.com.br\/index.php\/wp-json\/wp\/v2\/media?parent=110268"}],"wp:term":[{"taxonomy":"category","embeddable":true,"href":"https:\/\/blogdoedvaldomagalhaes.com.br\/index.php\/wp-json\/wp\/v2\/categories?post=110268"},{"taxonomy":"post_tag","embeddable":true,"href":"https:\/\/blogdoedvaldomagalhaes.com.br\/index.php\/wp-json\/wp\/v2\/tags?post=110268"}],"curies":[{"name":"wp","href":"https:\/\/api.w.org\/{rel}","templated":true}]}}