{"id":110246,"date":"2024-07-09T08:27:39","date_gmt":"2024-07-09T11:27:39","guid":{"rendered":"https:\/\/blogdoedvaldomagalhaes.com.br\/?p=110246"},"modified":"2024-07-09T08:48:34","modified_gmt":"2024-07-09T11:48:34","slug":"novos-presidentes-assumem-clubes-rotarios-em-caruaru-nesta-terca-9","status":"publish","type":"post","link":"https:\/\/blogdoedvaldomagalhaes.com.br\/index.php\/2024\/07\/09\/novos-presidentes-assumem-clubes-rotarios-em-caruaru-nesta-terca-9\/","title":{"rendered":"Novos presidentes assumem Clubes Rot\u00e1rios, em Caruaru, nesta ter\u00e7a (9)"},"content":{"rendered":"<p>A solenidade de posse dos quatro novos presidentes dos Clubes Rot\u00e1rios de Caruaru acontece \u00e0s 19h30, desta ter\u00e7a-feira (09.07), na avenida Cear\u00e1, 200, bairro Universit\u00e1rio. Duas mulheres estar\u00e3o \u00e0 frente de dois dos quatro clubes na Capital do Agreste de Pernambuco.<\/p>\n<p>Rotary \u00e9 uma organiza\u00e7\u00e3o internacional de profissionais e pessoas de neg\u00f3cios, l\u00edderes em suas \u00e1reas de atua\u00e7\u00e3o, que prestam servi\u00e7os humanit\u00e1rios.<\/p>\n<p><img loading=\"lazy\" decoding=\"async\" class=\"size-full wp-image-110252\" src=\"https:\/\/blogdoedvaldomagalhaes.com.br\/wp-content\/uploads\/2024\/07\/img_7648-1.jpg\" width=\"1279\" height=\"1273\" srcset=\"https:\/\/blogdoedvaldomagalhaes.com.br\/wp-content\/uploads\/2024\/07\/img_7648-1.jpg 1279w, https:\/\/blogdoedvaldomagalhaes.com.br\/wp-content\/uploads\/2024\/07\/img_7648-1-300x300.jpg 300w, https:\/\/blogdoedvaldomagalhaes.com.br\/wp-content\/uploads\/2024\/07\/img_7648-1-1024x1019.jpg 1024w, https:\/\/blogdoedvaldomagalhaes.com.br\/wp-content\/uploads\/2024\/07\/img_7648-1-150x150.jpg 150w, https:\/\/blogdoedvaldomagalhaes.com.br\/wp-content\/uploads\/2024\/07\/img_7648-1-768x764.jpg 768w\" sizes=\"auto, (max-width: 1279px) 100vw, 1279px\" \/><\/p>\n<p>Mychel Cosme de Almeida Paes Barreto, vai assumir a presid\u00eancia do Rotary Club Caruaru<\/p>\n<p><img loading=\"lazy\" decoding=\"async\" class=\"size-full wp-image-110254\" src=\"https:\/\/blogdoedvaldomagalhaes.com.br\/wp-content\/uploads\/2024\/07\/img_7649-1.jpg\" width=\"828\" height=\"828\" srcset=\"https:\/\/blogdoedvaldomagalhaes.com.br\/wp-content\/uploads\/2024\/07\/img_7649-1.jpg 828w, https:\/\/blogdoedvaldomagalhaes.com.br\/wp-content\/uploads\/2024\/07\/img_7649-1-300x300.jpg 300w, https:\/\/blogdoedvaldomagalhaes.com.br\/wp-content\/uploads\/2024\/07\/img_7649-1-150x150.jpg 150w, https:\/\/blogdoedvaldomagalhaes.com.br\/wp-content\/uploads\/2024\/07\/img_7649-1-768x768.jpg 768w\" sizes=\"auto, (max-width: 828px) 100vw, 828px\" \/><\/p>\n<p>Tiago Erivaldo dos Santos, vai assumir a presid\u00eancia do Rotary Club de Caruaru-Norte<\/p>\n\n\n<figure class=\"wp-block-image size-large\"><img loading=\"lazy\" decoding=\"async\" width=\"650\" height=\"1024\" src=\"https:\/\/blogdoedvaldomagalhaes.com.br\/wp-content\/uploads\/2024\/07\/06b15095-5b66-4996-8118-3cd2b12a34d7-650x1024.jpeg\" alt=\"\" class=\"wp-image-110256\" srcset=\"https:\/\/blogdoedvaldomagalhaes.com.br\/wp-content\/uploads\/2024\/07\/06b15095-5b66-4996-8118-3cd2b12a34d7-650x1024.jpeg 650w, https:\/\/blogdoedvaldomagalhaes.com.br\/wp-content\/uploads\/2024\/07\/06b15095-5b66-4996-8118-3cd2b12a34d7-190x300.jpeg 190w, https:\/\/blogdoedvaldomagalhaes.com.br\/wp-content\/uploads\/2024\/07\/06b15095-5b66-4996-8118-3cd2b12a34d7-768x1210.jpeg 768w, https:\/\/blogdoedvaldomagalhaes.com.br\/wp-content\/uploads\/2024\/07\/06b15095-5b66-4996-8118-3cd2b12a34d7.jpeg 852w\" sizes=\"auto, (max-width: 650px) 100vw, 650px\" \/><\/figure>\n\n\n<p>Anal\u00facia Luna Santos Leite, vai assumir a presid\u00eancia do Rotary de Caruaru-Sul<\/p>\n\n\n<figure class=\"wp-block-image size-large\"><img loading=\"lazy\" decoding=\"async\" width=\"820\" height=\"1024\" src=\"https:\/\/blogdoedvaldomagalhaes.com.br\/wp-content\/uploads\/2024\/07\/8cc48f51-6328-4413-b3d6-18de75772a2c-820x1024.jpeg\" alt=\"\" class=\"wp-image-110261\" srcset=\"https:\/\/blogdoedvaldomagalhaes.com.br\/wp-content\/uploads\/2024\/07\/8cc48f51-6328-4413-b3d6-18de75772a2c-820x1024.jpeg 820w, https:\/\/blogdoedvaldomagalhaes.com.br\/wp-content\/uploads\/2024\/07\/8cc48f51-6328-4413-b3d6-18de75772a2c-240x300.jpeg 240w, https:\/\/blogdoedvaldomagalhaes.com.br\/wp-content\/uploads\/2024\/07\/8cc48f51-6328-4413-b3d6-18de75772a2c-768x959.jpeg 768w, https:\/\/blogdoedvaldomagalhaes.com.br\/wp-content\/uploads\/2024\/07\/8cc48f51-6328-4413-b3d6-18de75772a2c.jpeg 1080w\" sizes=\"auto, (max-width: 820px) 100vw, 820px\" \/><\/figure>\n\n\n<p>Cristina Souza de G\u00f3is, assumir\u00e1 a presid\u00eancia do Rotary Club de Caruaru Mauricio de Nassau\u00a0<\/p>","protected":false},"excerpt":{"rendered":"<p>A solenidade de posse dos quatro novos presidentes dos Clubes Rot\u00e1rios de Caruaru acontece \u00e0s 19h30, desta ter\u00e7a-feira (09.07), na&hellip;<\/p>\n","protected":false},"author":1,"featured_media":110247,"comment_status":"closed","ping_status":"open","sticky":false,"template":"","format":"standard","meta":{"footnotes":""},"categories":[14120],"tags":[30253,28803,13146,28801,31016],"class_list":["post-110246","post","type-post","status-publish","format-standard","has-post-thumbnail","hentry","category-noticias","tag-blog-caruaru","tag-blog-com-mais-visualizacoes","tag-blog-edvaldo-magalhaes","tag-blog-mais-acessado","tag-novos-presidentes-assumem-clubes-rotarios-em-caruaru-nesta-terca-9"],"_links":{"self":[{"href":"https:\/\/blogdoedvaldomagalhaes.com.br\/index.php\/wp-json\/wp\/v2\/posts\/110246","targetHints":{"allow":["GET"]}}],"collection":[{"href":"https:\/\/blogdoedvaldomagalhaes.com.br\/index.php\/wp-json\/wp\/v2\/posts"}],"about":[{"href":"https:\/\/blogdoedvaldomagalhaes.com.br\/index.php\/wp-json\/wp\/v2\/types\/post"}],"author":[{"embeddable":true,"href":"https:\/\/blogdoedvaldomagalhaes.com.br\/index.php\/wp-json\/wp\/v2\/users\/1"}],"replies":[{"embeddable":true,"href":"https:\/\/blogdoedvaldomagalhaes.com.br\/index.php\/wp-json\/wp\/v2\/comments?post=110246"}],"version-history":[{"count":9,"href":"https:\/\/blogdoedvaldomagalhaes.com.br\/index.php\/wp-json\/wp\/v2\/posts\/110246\/revisions"}],"predecessor-version":[{"id":110264,"href":"https:\/\/blogdoedvaldomagalhaes.com.br\/index.php\/wp-json\/wp\/v2\/posts\/110246\/revisions\/110264"}],"wp:featuredmedia":[{"embeddable":true,"href":"https:\/\/blogdoedvaldomagalhaes.com.br\/index.php\/wp-json\/wp\/v2\/media\/110247"}],"wp:attachment":[{"href":"https:\/\/blogdoedvaldomagalhaes.com.br\/index.php\/wp-json\/wp\/v2\/media?parent=110246"}],"wp:term":[{"taxonomy":"category","embeddable":true,"href":"https:\/\/blogdoedvaldomagalhaes.com.br\/index.php\/wp-json\/wp\/v2\/categories?post=110246"},{"taxonomy":"post_tag","embeddable":true,"href":"https:\/\/blogdoedvaldomagalhaes.com.br\/index.php\/wp-json\/wp\/v2\/tags?post=110246"}],"curies":[{"name":"wp","href":"https:\/\/api.w.org\/{rel}","templated":true}]}}