{"id":110237,"date":"2024-07-08T20:08:03","date_gmt":"2024-07-08T23:08:03","guid":{"rendered":"https:\/\/blogdoedvaldomagalhaes.com.br\/?p=110237"},"modified":"2024-07-08T20:11:43","modified_gmt":"2024-07-08T23:11:43","slug":"operacoes-aereas-prf-se-prepara-para-combate-a-incendio-transporte-de-carga-externa-e-resgate-no-mar","status":"publish","type":"post","link":"https:\/\/blogdoedvaldomagalhaes.com.br\/index.php\/2024\/07\/08\/operacoes-aereas-prf-se-prepara-para-combate-a-incendio-transporte-de-carga-externa-e-resgate-no-mar\/","title":{"rendered":"Opera\u00e7\u00f5es a\u00e9reas: PRF se prepara para combate a inc\u00eandio, transporte de carga externa e resgate no mar"},"content":{"rendered":"<p>O resgate de v\u00edtimas de acidentes rodovi\u00e1rios e transporte de \u00f3rg\u00e3os para transplante \u00e9 um trabalho da Pol\u00edcia Rodovi\u00e1ria Federal (PRF) em Pernambuco que ganha diariamente o reconhecimento da sociedade quanto sua import\u00e2ncia para salvar vidas. Mas paralelo ao servi\u00e7o aerom\u00e9dico, o N\u00facleo de Opera\u00e7\u00f5es A\u00e9reas (NOA) tamb\u00e9m pode ser acionado para diversas frentes, como em respostas a desastres naturais, salvamento aqu\u00e1tico e combate \u00e0 criminalidade. Para isso, pilotos e operadores participaram, de 01 a 06 de julho, de um programa de treinamento operacional realizado no Recife e Regi\u00e3o Metropolitana.<\/p>\n<p>Teoria e pr\u00e1tica se aliaram com o objetivo de empregar os recursos de forma mais eficaz e com total seguran\u00e7a de voo. Cinco comandantes e cinco operadores aerot\u00e1ticos participaram do treinamento. Na programa\u00e7\u00e3o estavam simulados de combate a inc\u00eandio, transporte de carga externa, resgate de pessoas com guincho e salvamento no mar com o uso do helic\u00f3ptero, al\u00e9m do tiro embarcado, t\u00e9cnica fundamental nas a\u00e7\u00f5es de combate \u00e0 criminalidade. O trabalho requer prepara\u00e7\u00e3o de equipamentos espec\u00edficos para cada tipo de atua\u00e7\u00e3o e, especialmente, do alinhamento de procedimentos entre a tripula\u00e7\u00e3o.<br \/>\nA praia de Maraca\u00edpe, no litoral sul de Pernambuco, foi o cen\u00e1rio de algumas pr\u00e1ticas do treinamento. A popula\u00e7\u00e3o local e turistas puderam ver o helic\u00f3ptero da PRF fazendo o resgate de v\u00edtima de afogamento no mar. Tudo n\u00e3o passou de uma simula\u00e7\u00e3o, mas um importante exerc\u00edcio para pilotos que pairaram, retiraram pessoas da \u00e1gua por meio de um cabo e as levaram at\u00e9 a praia, um trabalho de muita precis\u00e3o. No salvamento aqu\u00e1tico os operadores aerot\u00e1ticos se lan\u00e7aram no mar, abordaram v\u00edtima e juntos foram i\u00e7ados pelo helic\u00f3ptero at\u00e9 a areia.<\/p>\n<p>As t\u00e9cnicas de resgate de pessoas e combate a inc\u00eandios s\u00e3o semelhantes as utilizadas no transporte de carga externa. No treinamento, operadores e pilotos i\u00e7aram e colocaram em um local pr\u00e9-determinado um tonel de 200 quilos. Na pr\u00e1tica, um exemplo de carga externa s\u00e3o mantimentos e \u00e1gua, materiais comumente levados pela PRF a pessoas em locais de dif\u00edcil acesso, como as \u00e1reas alagadas e terras ind\u00edgenas.<\/p>\n<p>O programa de treinamento contou com o apoio de institui\u00e7\u00f5es parceiras como o SAMU Metropolitano do Recife, o Corpo de Bombeiros Militar de Pernambuco (CBMPE), o Centro Integrado de Opera\u00e7\u00f5es A\u00e9reas (CIOPAER) do Rio Grande do Norte, a UFRPE e o Ex\u00e9rcito Brasileiro. Foi no Campo de Instru\u00e7\u00e3o Marechal Newton Cavalcanti (CIMNC) que aconteceu o treino de tiro embarcado, t\u00e9cnicas e precis\u00e3o necess\u00e1rias \u00e0 tripula\u00e7\u00e3o aerot\u00e1tica que atua em situa\u00e7\u00f5es de confronto no enfrentamento \u00e0 criminalidade. Foto: Divulga\u00e7\u00e3o\/PRF<br \/>\nSeja seguidor do Instagram do Blog @blogdoedvaldomagalhaes<\/p>\n","protected":false},"excerpt":{"rendered":"<p>O resgate de v\u00edtimas de acidentes rodovi\u00e1rios e transporte de \u00f3rg\u00e3os para transplante \u00e9 um trabalho da Pol\u00edcia Rodovi\u00e1ria Federal&hellip;<\/p>\n","protected":false},"author":1,"featured_media":110241,"comment_status":"closed","ping_status":"open","sticky":false,"template":"","format":"standard","meta":{"footnotes":""},"categories":[14120],"tags":[28803,27410,2,28801,31014],"class_list":["post-110237","post","type-post","status-publish","format-standard","has-post-thumbnail","hentry","category-noticias","tag-blog-com-mais-visualizacoes","tag-blog-de-caruaru","tag-blog-do-edvaldo-magalhaes","tag-blog-mais-acessado","tag-operacoes-aereas-prf-se-prepara-para-combate-a-incendio-transporte-de-carga-externa-e-resgate-no-mar"],"_links":{"self":[{"href":"https:\/\/blogdoedvaldomagalhaes.com.br\/index.php\/wp-json\/wp\/v2\/posts\/110237","targetHints":{"allow":["GET"]}}],"collection":[{"href":"https:\/\/blogdoedvaldomagalhaes.com.br\/index.php\/wp-json\/wp\/v2\/posts"}],"about":[{"href":"https:\/\/blogdoedvaldomagalhaes.com.br\/index.php\/wp-json\/wp\/v2\/types\/post"}],"author":[{"embeddable":true,"href":"https:\/\/blogdoedvaldomagalhaes.com.br\/index.php\/wp-json\/wp\/v2\/users\/1"}],"replies":[{"embeddable":true,"href":"https:\/\/blogdoedvaldomagalhaes.com.br\/index.php\/wp-json\/wp\/v2\/comments?post=110237"}],"version-history":[{"count":2,"href":"https:\/\/blogdoedvaldomagalhaes.com.br\/index.php\/wp-json\/wp\/v2\/posts\/110237\/revisions"}],"predecessor-version":[{"id":110242,"href":"https:\/\/blogdoedvaldomagalhaes.com.br\/index.php\/wp-json\/wp\/v2\/posts\/110237\/revisions\/110242"}],"wp:featuredmedia":[{"embeddable":true,"href":"https:\/\/blogdoedvaldomagalhaes.com.br\/index.php\/wp-json\/wp\/v2\/media\/110241"}],"wp:attachment":[{"href":"https:\/\/blogdoedvaldomagalhaes.com.br\/index.php\/wp-json\/wp\/v2\/media?parent=110237"}],"wp:term":[{"taxonomy":"category","embeddable":true,"href":"https:\/\/blogdoedvaldomagalhaes.com.br\/index.php\/wp-json\/wp\/v2\/categories?post=110237"},{"taxonomy":"post_tag","embeddable":true,"href":"https:\/\/blogdoedvaldomagalhaes.com.br\/index.php\/wp-json\/wp\/v2\/tags?post=110237"}],"curies":[{"name":"wp","href":"https:\/\/api.w.org\/{rel}","templated":true}]}}