{"id":110234,"date":"2024-07-08T20:00:22","date_gmt":"2024-07-08T23:00:22","guid":{"rendered":"https:\/\/blogdoedvaldomagalhaes.com.br\/?p=110234"},"modified":"2024-07-08T20:00:23","modified_gmt":"2024-07-08T23:00:23","slug":"por-meio-do-minc-caruaru-tem-entidades-reconhecidas-como-pontos-de-cultura","status":"publish","type":"post","link":"https:\/\/blogdoedvaldomagalhaes.com.br\/index.php\/2024\/07\/08\/por-meio-do-minc-caruaru-tem-entidades-reconhecidas-como-pontos-de-cultura\/","title":{"rendered":"Por meio do MinC, Caruaru tem entidades reconhecidas como Pontos de Cultura"},"content":{"rendered":"<p>O munic\u00edpio de Caruaru agora tem entidades reconhecidas como Pontos de Cultura. Este reconhecimento veio a partir do governo federal, por meio do Minist\u00e9rio da Cultura e a Secretaria de Cidadania e Diversidade Cultural. Estas certifica\u00e7\u00f5es est\u00e3o em sintonia com os crit\u00e9rios estabelecidos na Lei Cultura Viva, de n\u00famero 13.018, de 2014. <\/p>\n<p>De acordo com o Minist\u00e9rio da Cultura, esta certifica\u00e7\u00e3o comprova que as entidades reconhecidas desenvolvem e articulam atividades culturais na comunidade. Al\u00e9m disso, tamb\u00e9m comprova que as entidades contribuem para o acesso, a prote\u00e7\u00e3o e a promo\u00e7\u00e3o dos direitos, da cidadania e da diversidade cultural no Brasil. <\/p>\n<p>Confira abaixo quais s\u00e3o estes pontos:<\/p>\n<p>&#8211; Academia Caruaruense de Cultura Ci\u00eancias e Letras (Acaccil)<\/p>\n<p>&#8211; Academia de Cordel  <\/p>\n<p>&#8211; Associa\u00e7\u00e3o Caruaruense de Desenvolvimento Educacional, Social e Cultural (Acadesc)  <\/p>\n<p>&#8211; Associa\u00e7\u00e3o da Cultura Regional Nordestina (Acrenor)  <\/p>\n<p>&#8211; Associa\u00e7\u00e3o Flor do Barro  <\/p>\n<p>&#8211; Boi Tira Teima  <\/p>\n<p>&#8211; Cia Feira de Teatro Popular  <\/p>\n<p>&#8211; Espa\u00e7o Nerisvaldo Alves  <\/p>\n<p>&#8211; Teatro Experimental de Arte (TEA)  <\/p>\n<p>&#8211; Yl\u00ea Ax\u00e9 Kiamb\u00e1<br \/>\nFoto: Divulga\u00e7\u00e3o\/Secom\/PMC<br \/>\nSeja seguidor do Instagram do Blog @blogdoedvaldomagalhaes<\/p>\n","protected":false},"excerpt":{"rendered":"<p>O munic\u00edpio de Caruaru agora tem entidades reconhecidas como Pontos de Cultura. Este reconhecimento veio a partir do governo federal,&hellip;<\/p>\n","protected":false},"author":1,"featured_media":110235,"comment_status":"closed","ping_status":"open","sticky":false,"template":"","format":"standard","meta":{"footnotes":""},"categories":[14120],"tags":[30253,28803,13146,28801,31013],"class_list":["post-110234","post","type-post","status-publish","format-standard","has-post-thumbnail","hentry","category-noticias","tag-blog-caruaru","tag-blog-com-mais-visualizacoes","tag-blog-edvaldo-magalhaes","tag-blog-mais-acessado","tag-por-meio-do-minc-caruaru-tem-entidades-reconhecidas-como-pontos-de-cultura"],"_links":{"self":[{"href":"https:\/\/blogdoedvaldomagalhaes.com.br\/index.php\/wp-json\/wp\/v2\/posts\/110234","targetHints":{"allow":["GET"]}}],"collection":[{"href":"https:\/\/blogdoedvaldomagalhaes.com.br\/index.php\/wp-json\/wp\/v2\/posts"}],"about":[{"href":"https:\/\/blogdoedvaldomagalhaes.com.br\/index.php\/wp-json\/wp\/v2\/types\/post"}],"author":[{"embeddable":true,"href":"https:\/\/blogdoedvaldomagalhaes.com.br\/index.php\/wp-json\/wp\/v2\/users\/1"}],"replies":[{"embeddable":true,"href":"https:\/\/blogdoedvaldomagalhaes.com.br\/index.php\/wp-json\/wp\/v2\/comments?post=110234"}],"version-history":[{"count":1,"href":"https:\/\/blogdoedvaldomagalhaes.com.br\/index.php\/wp-json\/wp\/v2\/posts\/110234\/revisions"}],"predecessor-version":[{"id":110236,"href":"https:\/\/blogdoedvaldomagalhaes.com.br\/index.php\/wp-json\/wp\/v2\/posts\/110234\/revisions\/110236"}],"wp:featuredmedia":[{"embeddable":true,"href":"https:\/\/blogdoedvaldomagalhaes.com.br\/index.php\/wp-json\/wp\/v2\/media\/110235"}],"wp:attachment":[{"href":"https:\/\/blogdoedvaldomagalhaes.com.br\/index.php\/wp-json\/wp\/v2\/media?parent=110234"}],"wp:term":[{"taxonomy":"category","embeddable":true,"href":"https:\/\/blogdoedvaldomagalhaes.com.br\/index.php\/wp-json\/wp\/v2\/categories?post=110234"},{"taxonomy":"post_tag","embeddable":true,"href":"https:\/\/blogdoedvaldomagalhaes.com.br\/index.php\/wp-json\/wp\/v2\/tags?post=110234"}],"curies":[{"name":"wp","href":"https:\/\/api.w.org\/{rel}","templated":true}]}}