{"id":110185,"date":"2024-07-06T12:19:42","date_gmt":"2024-07-06T15:19:42","guid":{"rendered":"https:\/\/blogdoedvaldomagalhaes.com.br\/?p=110185"},"modified":"2024-07-06T12:19:43","modified_gmt":"2024-07-06T15:19:43","slug":"jadiel-junior-inicia-periodo-de-licenca-na-ocupacao-de-servidor-publico-para-atividades-politicas","status":"publish","type":"post","link":"https:\/\/blogdoedvaldomagalhaes.com.br\/index.php\/2024\/07\/06\/jadiel-junior-inicia-periodo-de-licenca-na-ocupacao-de-servidor-publico-para-atividades-politicas\/","title":{"rendered":"Jadiel J\u00fanior inicia per\u00edodo de licen\u00e7a na ocupa\u00e7\u00e3o de servidor p\u00fablico para atividades pol\u00edticas"},"content":{"rendered":"<p>_Cumprindo o regulamento previsto pela legisla\u00e7\u00e3o federal, o pr\u00e9-candidato inicia hoje (06) o afastamento sob o t\u00edtulo de licen\u00e7a pelo per\u00edodo de 3 meses_<\/p>\n<p>O pr\u00e9-candidato a vereador de Caruaru, Jadiel J\u00fanior, do Movimento Democr\u00e1tico Brasileiro (MDB), inicia neste s\u00e1bado (06) seu afastamento do cargo de servidor p\u00fablico como chefe de registro de ve\u00edculos da 4\u00aa Ciretran de Caruaru.<\/p>\n<p>A decis\u00e3o foi tomada com base no regulamento constitucional, tendo em vista que a legisla\u00e7\u00e3o eleitoral trata como situa\u00e7\u00e3o de inelegibilidade o n\u00e3o afastamento do servidor p\u00fablico, estatut\u00e1rio ou n\u00e3o, tr\u00eas meses antes do pleito.<\/p>\n<p>&#8220;Agora chegou a hora de me comprometer com minha candidatura e com o povo de Caruaru. A transpar\u00eancia e a \u00e9tica s\u00e3o pilares fundamentais para esse momento t\u00e3o importante na minha vida. Meu compromisso \u00e9 trabalhar para garantir um futuro mais promissor para todos os caruaruenses\u201d, afirmou. <\/p>\n<p>Com essa medida, Jadiel J\u00fanior refor\u00e7a seu compromisso com o cumprimento das normas eleitorais. A partir de agora, ele se dedicar\u00e1 exclusivamente \u00e0 sua candidatura ao cargo de vereador, buscando ouvir e representar os interesses da popula\u00e7\u00e3o de Caruaru.<br \/>\nFoto: Divulga\u00e7\u00e3o.<br \/>\nSeja seguidor do Instagram do Blog @blogdoedvaldomagalhaes<\/p>\n","protected":false},"excerpt":{"rendered":"<p>_Cumprindo o regulamento previsto pela legisla\u00e7\u00e3o federal, o pr\u00e9-candidato inicia hoje (06) o afastamento sob o t\u00edtulo de licen\u00e7a pelo&hellip;<\/p>\n","protected":false},"author":1,"featured_media":110186,"comment_status":"closed","ping_status":"open","sticky":false,"template":"","format":"standard","meta":{"footnotes":""},"categories":[14122],"tags":[30253,28803,13146,28801,30999,20],"class_list":["post-110185","post","type-post","status-publish","format-standard","has-post-thumbnail","hentry","category-politica","tag-blog-caruaru","tag-blog-com-mais-visualizacoes","tag-blog-edvaldo-magalhaes","tag-blog-mais-acessado","tag-jadiel-junior-inicia-periodo-de-licenca-na-ocupacao-de-servidor-publico-para-atividades-politicas","tag-politica"],"_links":{"self":[{"href":"https:\/\/blogdoedvaldomagalhaes.com.br\/index.php\/wp-json\/wp\/v2\/posts\/110185","targetHints":{"allow":["GET"]}}],"collection":[{"href":"https:\/\/blogdoedvaldomagalhaes.com.br\/index.php\/wp-json\/wp\/v2\/posts"}],"about":[{"href":"https:\/\/blogdoedvaldomagalhaes.com.br\/index.php\/wp-json\/wp\/v2\/types\/post"}],"author":[{"embeddable":true,"href":"https:\/\/blogdoedvaldomagalhaes.com.br\/index.php\/wp-json\/wp\/v2\/users\/1"}],"replies":[{"embeddable":true,"href":"https:\/\/blogdoedvaldomagalhaes.com.br\/index.php\/wp-json\/wp\/v2\/comments?post=110185"}],"version-history":[{"count":1,"href":"https:\/\/blogdoedvaldomagalhaes.com.br\/index.php\/wp-json\/wp\/v2\/posts\/110185\/revisions"}],"predecessor-version":[{"id":110187,"href":"https:\/\/blogdoedvaldomagalhaes.com.br\/index.php\/wp-json\/wp\/v2\/posts\/110185\/revisions\/110187"}],"wp:featuredmedia":[{"embeddable":true,"href":"https:\/\/blogdoedvaldomagalhaes.com.br\/index.php\/wp-json\/wp\/v2\/media\/110186"}],"wp:attachment":[{"href":"https:\/\/blogdoedvaldomagalhaes.com.br\/index.php\/wp-json\/wp\/v2\/media?parent=110185"}],"wp:term":[{"taxonomy":"category","embeddable":true,"href":"https:\/\/blogdoedvaldomagalhaes.com.br\/index.php\/wp-json\/wp\/v2\/categories?post=110185"},{"taxonomy":"post_tag","embeddable":true,"href":"https:\/\/blogdoedvaldomagalhaes.com.br\/index.php\/wp-json\/wp\/v2\/tags?post=110185"}],"curies":[{"name":"wp","href":"https:\/\/api.w.org\/{rel}","templated":true}]}}