{"id":11,"date":"2019-02-08T14:09:00","date_gmt":"2019-02-08T16:09:00","guid":{"rendered":"http:\/\/blogdoedvaldomagalhaes.com.br\/index.php\/2019\/02\/08\/central-volante-suspenso-e-precos-dos\/"},"modified":"2019-02-10T10:44:28","modified_gmt":"2019-02-10T13:44:28","slug":"central-volante-suspenso-e-precos-dos","status":"publish","type":"post","link":"https:\/\/blogdoedvaldomagalhaes.com.br\/index.php\/2019\/02\/08\/central-volante-suspenso-e-precos-dos\/","title":{"rendered":"Central: Volante suspenso e pre\u00e7os dos ingressos definidos para o jogo contra o Afogados"},"content":{"rendered":"<div class=\"separator\" style=\"clear: both; text-align: center;\">\n<a href=\"https:\/\/2.bp.blogspot.com\/-fmeaxU3inWs\/XF2MRqUCxTI\/AAAAAAABCJc\/i3PyMlr6AVMliybo2qyBCYl6IawZQmNwACLcBGAs\/s1600\/IMG-20190208-WA0034.jpg\" imageanchor=\"1\" style=\"margin-left: 1em; margin-right: 1em;\"><img loading=\"lazy\" decoding=\"async\" border=\"0\" data-original-height=\"850\" data-original-width=\"1280\" height=\"424\" src=\"http:\/\/blogdoedvaldomagalhaes.com.br\/wp-content\/uploads\/2019\/02\/IMG-20190208-WA0034.jpg\" width=\"640\"><\/a><\/div>\n<div class=\"separator\" style=\"clear: both; text-align: center;\">\nFoto: Carlos Recupero\/Central S.C.<\/div>\n<div style=\"text-align: justify;\"><\/div>\n<div style=\"text-align: justify;\">\n<b>Nota<\/b><\/div>\n<div style=\"text-align: justify;\"><\/div>\n<div style=\"text-align: justify;\">\nNa noite da \u00faltima quinta-feira (07) o volante do Central Sport Club, Eduardo Er\u00e9 foi julgado pelo TJD\/PE, em virtude da expuls\u00e3o do atleta enquanto atuava pela equipe do Decis\u00e3o\/PE no segundo semestre de 2018. O jogador pegou tr\u00eas jogos de suspens\u00e3o, e j\u00e1 cumpriu um, na partida contra o N\u00e1utico pelo Campeonato Pernambucano. Agora, Eduardo Er\u00e9 ficar\u00e1 fora dos dois pr\u00f3ximos jogos da Patativa para concluir a determina\u00e7\u00e3o do TJD\/PE. Atenciosamente: Departamento de Comunica\u00e7\u00e3o do Central Sport Club.<\/div>\n<div style=\"text-align: justify;\"><\/div>\n<div style=\"text-align: justify;\">\nSegue os valores dos ingressos para o jogo do Central contra o Afogados, no pr\u00f3ximo domingo (10), \u00e0s 16h, no Est\u00e1dio Lacerd\u00e3o, pelo Campeonato Pernambucano A1 2019. Arquibancada: R$30.00 Arquibancada:\/meia-entrada (s\u00f3cio\/idoso\/estudante) R$15.00 *Promocional:R$20.00** Cadeira: R$40.00 Cadeira\/s\u00f3cio: R$20.00 *Diferente do jogo da Copa do Brasil, o ingresso promocional ser\u00e1 v\u00e1lido para a avenida Agamenon Magalh\u00e3es. A arquibancada da rua S\u00e3o Paulo n\u00e3o ser\u00e1 aberta. **O ingresso Promocional estar\u00e1 dispon\u00edvel apenas no s\u00e1bado (09). No domingo (10) o valor do ingresso ser\u00e1 normal. ***Os ingressos promocionais estar\u00e3o \u00e0 venda neste s\u00e1bado (09) a partir das 9h, na Loja Oficial do Clube.<\/p>\n<div class=\"separator\" style=\"clear: both; text-align: center;\">\n<a href=\"https:\/\/1.bp.blogspot.com\/-rA0ismZ9CYo\/XF3kM1-RJyI\/AAAAAAABCKE\/fBg7f6D_U8YHHwMLOmWhhkTvu_GN6CPZACLcBGAs\/s1600\/IMG-20190208-WA0001.jpg\" imageanchor=\"1\" style=\"margin-left: 1em; margin-right: 1em;\"><img loading=\"lazy\" decoding=\"async\" border=\"0\" data-original-height=\"1080\" data-original-width=\"1080\" height=\"640\" src=\"http:\/\/blogdoedvaldomagalhaes.com.br\/wp-content\/uploads\/2019\/02\/IMG-20190208-WA0001.jpg\" width=\"640\"><\/a><\/div>\n<p>Com a sa\u00edda de Brenno Lucena, que foi para o N\u00e1utico, o Central tem um novo analista de desempenho. Artur&nbsp;Leonard, 38 anos, est\u00e1 de volta ao Central, agora como analista. Artur j\u00e1 foi preparador f\u00edsico da Patativa em 2009.&nbsp; Como preparador, Leonard passou por Pesqueira, Altinho, Vit\u00f3ria das Tabocas, Ypiranga, Cabense, Itapipoca\/CE, Crate\u00fas\/CE, Crato\/CE, Sete de Setembro, Vera Cruz e Santa Cruz.<\/p>\n<p>Como analista, Artur iniciou a carreira recentemente e trabalhou no Santa Cruz e Flamengo de Arcoverde.<\/p>\n<\/div>\n","protected":false},"excerpt":{"rendered":"<p>Foto: Carlos Recupero\/Central S.C. Nota Na noite da \u00faltima quinta-feira (07) o volante do Central Sport Club, Eduardo Er\u00e9 foi&hellip;<\/p>\n","protected":false},"author":1,"featured_media":38048,"comment_status":"closed","ping_status":"open","sticky":false,"template":"","format":"standard","meta":{"footnotes":""},"categories":[14124,14123],"tags":[2,10,3],"class_list":["post-11","post","type-post","status-publish","format-standard","has-post-thumbnail","hentry","category-centralsc","category-futebol","tag-blog-do-edvaldo-magalhaes","tag-central-volante-suspenso-e-precos-dos-ingressos-definidos-para-o-jogo-contra-o-afogados","tag-futebol"],"_links":{"self":[{"href":"https:\/\/blogdoedvaldomagalhaes.com.br\/index.php\/wp-json\/wp\/v2\/posts\/11","targetHints":{"allow":["GET"]}}],"collection":[{"href":"https:\/\/blogdoedvaldomagalhaes.com.br\/index.php\/wp-json\/wp\/v2\/posts"}],"about":[{"href":"https:\/\/blogdoedvaldomagalhaes.com.br\/index.php\/wp-json\/wp\/v2\/types\/post"}],"author":[{"embeddable":true,"href":"https:\/\/blogdoedvaldomagalhaes.com.br\/index.php\/wp-json\/wp\/v2\/users\/1"}],"replies":[{"embeddable":true,"href":"https:\/\/blogdoedvaldomagalhaes.com.br\/index.php\/wp-json\/wp\/v2\/comments?post=11"}],"version-history":[{"count":2,"href":"https:\/\/blogdoedvaldomagalhaes.com.br\/index.php\/wp-json\/wp\/v2\/posts\/11\/revisions"}],"predecessor-version":[{"id":38096,"href":"https:\/\/blogdoedvaldomagalhaes.com.br\/index.php\/wp-json\/wp\/v2\/posts\/11\/revisions\/38096"}],"wp:featuredmedia":[{"embeddable":true,"href":"https:\/\/blogdoedvaldomagalhaes.com.br\/index.php\/wp-json\/wp\/v2\/media\/38048"}],"wp:attachment":[{"href":"https:\/\/blogdoedvaldomagalhaes.com.br\/index.php\/wp-json\/wp\/v2\/media?parent=11"}],"wp:term":[{"taxonomy":"category","embeddable":true,"href":"https:\/\/blogdoedvaldomagalhaes.com.br\/index.php\/wp-json\/wp\/v2\/categories?post=11"},{"taxonomy":"post_tag","embeddable":true,"href":"https:\/\/blogdoedvaldomagalhaes.com.br\/index.php\/wp-json\/wp\/v2\/tags?post=11"}],"curies":[{"name":"wp","href":"https:\/\/api.w.org\/{rel}","templated":true}]}}