{"id":109938,"date":"2024-06-28T12:12:38","date_gmt":"2024-06-28T15:12:38","guid":{"rendered":"https:\/\/blogdoedvaldomagalhaes.com.br\/?p=109938"},"modified":"2024-06-28T12:18:43","modified_gmt":"2024-06-28T15:18:43","slug":"feiras-livres-e-mercados-publicos-funcionarao-normalmente-neste-sabado-29-dia-de-sao-pedro","status":"publish","type":"post","link":"https:\/\/blogdoedvaldomagalhaes.com.br\/index.php\/2024\/06\/28\/feiras-livres-e-mercados-publicos-funcionarao-normalmente-neste-sabado-29-dia-de-sao-pedro\/","title":{"rendered":"Feiras Livres e Mercados P\u00fablicos funcionar\u00e3o normalmente neste s\u00e1bado (29) dia de S\u00e3o Pedro"},"content":{"rendered":"<p>A Secretaria de Servi\u00e7os P\u00fablicos e Sustentabilidade de Caruaru (Sesp) informa que, neste s\u00e1bado (29), dia de S\u00e3o Pedro, as Feiras Livres nos bairros do munic\u00edpio, bem como os Mercados P\u00fablicos (Carnes, Farinha, bairro do Salgado e do Ju\u00e1) ter\u00e3o funcionamento normal.<\/p>\n<p>Da mesma forma acontece com o Parque 18 de maio. A Secretaria de Ordem P\u00fablica (Secop) entrou em contato com os comerciantes e foi definido que no s\u00e1bado (29), o funcionamento do Parque, com as demais feiras, acontecer\u00e1 de forma normal.<\/p>\n<p>A Secretaria de Administra\u00e7\u00e3o (SAD), informa que nesta sexta-feira, 28 de junho, foi determinado, por meio da Portaria SAD 355\/2024, o ponto facultativo nas reparti\u00e7\u00f5es p\u00fablicas do munic\u00edpio, sendo o s\u00e1bado dia 29, feriado municipal de S\u00e3o Pedro, conforme prev\u00ea a Lei 3.564\/93.<\/p>\n<p>Confira abaixo as atividades das pastas em atua\u00e7\u00e3o e hor\u00e1rios de alguns espa\u00e7os p\u00fablicos: <\/p>\n<p>Sa\u00fade: UPAS, SAMU, Maternidade Municipal de Caruaru Santa Dulce dos Pobres e Hospital Manoel Afonso funcionam normalmente. <\/p>\n<p>Secretaria de Servi\u00e7os P\u00fablicos e Sustentabilidade: Parques municipais funcionam normalmente, das 6h \u00e0s 19h.<\/p>\n<p>Secretaria de Pol\u00edticas para Mulheres: O Centro de Refer\u00eancia da Mulher Maria Neuma Silva Lira (CRM) funcionar\u00e1 em sistema de plant\u00e3o por meio do n\u00famero: 9 8384-4310.<\/p>\n<p>Secretaria de Desenvolvimento Social e Direitos Humanos: Plant\u00e3o do aux\u00edlio funeral pelos telefones: (81) 9.8384-2410 e (81) 9.8384-3756. Tamb\u00e9m funciona normalmente o atendimento \u00e0 popula\u00e7\u00e3o em situa\u00e7\u00e3o de rua, na rua Souza Lima, s\/n.\u00ba, bairro Nossa Senhora das Dores (rua paralela a rua Saldanha da Gama).<\/p>\n<p>Via Parque: Funcionamento das 6h \u00e0s 22h.<\/p>\n<p>Monte do Bom Jesus: Funcionamento do Centro de Atendimento ao Turista, das 8h \u00e0s 20h, (Nos dias de programa\u00e7\u00e3o do S\u00e3o Jo\u00e3o no monte, o funcionamento \u00e9 das 09h \u00e0s 21h).<\/p>\n<p>Ceaca: Administrativo ser\u00e1 fechado e o mercado funciona normalmente.<br \/>\nFoto: Divulga\u00e7\u00e3o\/Secom\/PMC.<br \/>\nSeja seguidor do Instagram do Blog @blogdoedvaldomagalhaes<\/p>\n","protected":false},"excerpt":{"rendered":"<p>A Secretaria de Servi\u00e7os P\u00fablicos e Sustentabilidade de Caruaru (Sesp) informa que, neste s\u00e1bado (29), dia de S\u00e3o Pedro, as&hellip;<\/p>\n","protected":false},"author":1,"featured_media":65039,"comment_status":"closed","ping_status":"open","sticky":false,"template":"","format":"standard","meta":{"footnotes":""},"categories":[14120],"tags":[30253,28803,13146,28801,30930,19446,6],"class_list":["post-109938","post","type-post","status-publish","format-standard","has-post-thumbnail","hentry","category-noticias","tag-blog-caruaru","tag-blog-com-mais-visualizacoes","tag-blog-edvaldo-magalhaes","tag-blog-mais-acessado","tag-feiras-livres-e-mercados-publicos-funcionarao-normalmente-neste-sabado-29-dia-de-sao-pedro","tag-feriado","tag-noticias"],"_links":{"self":[{"href":"https:\/\/blogdoedvaldomagalhaes.com.br\/index.php\/wp-json\/wp\/v2\/posts\/109938","targetHints":{"allow":["GET"]}}],"collection":[{"href":"https:\/\/blogdoedvaldomagalhaes.com.br\/index.php\/wp-json\/wp\/v2\/posts"}],"about":[{"href":"https:\/\/blogdoedvaldomagalhaes.com.br\/index.php\/wp-json\/wp\/v2\/types\/post"}],"author":[{"embeddable":true,"href":"https:\/\/blogdoedvaldomagalhaes.com.br\/index.php\/wp-json\/wp\/v2\/users\/1"}],"replies":[{"embeddable":true,"href":"https:\/\/blogdoedvaldomagalhaes.com.br\/index.php\/wp-json\/wp\/v2\/comments?post=109938"}],"version-history":[{"count":2,"href":"https:\/\/blogdoedvaldomagalhaes.com.br\/index.php\/wp-json\/wp\/v2\/posts\/109938\/revisions"}],"predecessor-version":[{"id":109941,"href":"https:\/\/blogdoedvaldomagalhaes.com.br\/index.php\/wp-json\/wp\/v2\/posts\/109938\/revisions\/109941"}],"wp:featuredmedia":[{"embeddable":true,"href":"https:\/\/blogdoedvaldomagalhaes.com.br\/index.php\/wp-json\/wp\/v2\/media\/65039"}],"wp:attachment":[{"href":"https:\/\/blogdoedvaldomagalhaes.com.br\/index.php\/wp-json\/wp\/v2\/media?parent=109938"}],"wp:term":[{"taxonomy":"category","embeddable":true,"href":"https:\/\/blogdoedvaldomagalhaes.com.br\/index.php\/wp-json\/wp\/v2\/categories?post=109938"},{"taxonomy":"post_tag","embeddable":true,"href":"https:\/\/blogdoedvaldomagalhaes.com.br\/index.php\/wp-json\/wp\/v2\/tags?post=109938"}],"curies":[{"name":"wp","href":"https:\/\/api.w.org\/{rel}","templated":true}]}}