{"id":109933,"date":"2024-06-28T11:57:13","date_gmt":"2024-06-28T14:57:13","guid":{"rendered":"https:\/\/blogdoedvaldomagalhaes.com.br\/?p=109933"},"modified":"2024-06-28T11:59:45","modified_gmt":"2024-06-28T14:59:45","slug":"confira-as-atracoes-da-despedida-do-polo-alto-do-moura-no-sao-joao-2024","status":"publish","type":"post","link":"https:\/\/blogdoedvaldomagalhaes.com.br\/index.php\/2024\/06\/28\/confira-as-atracoes-da-despedida-do-polo-alto-do-moura-no-sao-joao-2024\/","title":{"rendered":"Confira \u00e0s atra\u00e7\u00f5es da despedida do Polo Alto do Moura no S\u00e3o Jo\u00e3o 2024"},"content":{"rendered":"<p>Neste s\u00e1bado (29.06) \u00e9 o dia de S\u00e3o Pedro, \u00faltimo santo do m\u00eas junino, e tamb\u00e9m \u00e9 o dia em que o Alto do Moura prepara a despedida da temporada de S\u00e3o Jo\u00e3o deste ano. Nesse dia, a saudade bate no peito do nordestino.<\/p>\n<p>A partir do meio-dia, no Polo Mestre Vitalino, o cantor PV Calado tem a responsabilidade de receber os forrozeiros com sua voz \u00fanica, seu estilo musical marcante e um repert\u00f3rio atemporal que mistura hits mais recentes com m\u00fasicas tradicionalmente nordestinas.<\/p>\n<p>Em seguida, sobe ao palco o cantor cearense Vicente Nery, um dos pioneiros da \u201csofr\u00eancia\u201d em nosso pa\u00eds e tamb\u00e9m conhecido por grandes sucessos, a exemplo de \u201cNunca Mais\u201d, \u201cPor N\u00f3s J\u00e1 Tem Deus\u201d e \u201cS\u00f3 Deus Cala A Minha Voz\u201d.<\/p>\n<p>Caber\u00e1 ao caruaruense Kl\u00e9ver Lemos, com seu astral inconfund\u00edvel, encerrar os festejos no Polo Mestre Vitalino.<\/p>\n<p>Conhecido por ser ber\u00e7o da arte do barro &#8211; ostentando o t\u00edtulo de Maior Centro de Artes Figurativas das Am\u00e9ricas &#8211; e por abrigar um atrativo polo gastron\u00f4mico, o Alto do Moura se tornou o segundo maior polo do S\u00e3o Jo\u00e3o de Caruaru, sendo palco de grandes atra\u00e7\u00f5es do forr\u00f3 tradicional. Passaram por l\u00e1 nomes como Santanna, Maciel Melo, Amazam, Geraldinho Lins, Caninana e Targino Gondim.<br \/>\nFoto: Divulga\u00e7\u00e3o\/Secom<br \/>\nSeja seguidor do Instagram do Blog @blogdoedvaldomagalhaes<\/p>\n<p><img loading=\"lazy\" decoding=\"async\" src=\"https:\/\/blogdoedvaldomagalhaes.com.br\/wp-content\/uploads\/2024\/06\/img-20240620-wa02917786758906400905135.jpg\" class=\"wp-image-109936 alignnone size-full\" width=\"1284\" height=\"992\" srcset=\"https:\/\/blogdoedvaldomagalhaes.com.br\/wp-content\/uploads\/2024\/06\/img-20240620-wa02917786758906400905135.jpg 1284w, https:\/\/blogdoedvaldomagalhaes.com.br\/wp-content\/uploads\/2024\/06\/img-20240620-wa02917786758906400905135-300x232.jpg 300w, https:\/\/blogdoedvaldomagalhaes.com.br\/wp-content\/uploads\/2024\/06\/img-20240620-wa02917786758906400905135-1024x791.jpg 1024w, https:\/\/blogdoedvaldomagalhaes.com.br\/wp-content\/uploads\/2024\/06\/img-20240620-wa02917786758906400905135-768x593.jpg 768w\" sizes=\"auto, (max-width: 1284px) 100vw, 1284px\" \/><\/p>\n<p>gdoedvaldomagalhaes<\/p>\n","protected":false},"excerpt":{"rendered":"<p>Neste s\u00e1bado (29.06) \u00e9 o dia de S\u00e3o Pedro, \u00faltimo santo do m\u00eas junino, e tamb\u00e9m \u00e9 o dia em&hellip;<\/p>\n","protected":false},"author":1,"featured_media":11338,"comment_status":"closed","ping_status":"open","sticky":false,"template":"","format":"standard","meta":{"footnotes":""},"categories":[14120],"tags":[30592,27410,2,28801,30929,6222],"class_list":["post-109933","post","type-post","status-publish","format-standard","has-post-thumbnail","hentry","category-noticias","tag-blog-com-mais-seguidores","tag-blog-de-caruaru","tag-blog-do-edvaldo-magalhaes","tag-blog-mais-acessado","tag-confira-as-atracoes-da-despedida-do-polo-alto-do-moura-no-sao-joao-2024","tag-sao-joao-de-caruaru"],"_links":{"self":[{"href":"https:\/\/blogdoedvaldomagalhaes.com.br\/index.php\/wp-json\/wp\/v2\/posts\/109933","targetHints":{"allow":["GET"]}}],"collection":[{"href":"https:\/\/blogdoedvaldomagalhaes.com.br\/index.php\/wp-json\/wp\/v2\/posts"}],"about":[{"href":"https:\/\/blogdoedvaldomagalhaes.com.br\/index.php\/wp-json\/wp\/v2\/types\/post"}],"author":[{"embeddable":true,"href":"https:\/\/blogdoedvaldomagalhaes.com.br\/index.php\/wp-json\/wp\/v2\/users\/1"}],"replies":[{"embeddable":true,"href":"https:\/\/blogdoedvaldomagalhaes.com.br\/index.php\/wp-json\/wp\/v2\/comments?post=109933"}],"version-history":[{"count":2,"href":"https:\/\/blogdoedvaldomagalhaes.com.br\/index.php\/wp-json\/wp\/v2\/posts\/109933\/revisions"}],"predecessor-version":[{"id":109937,"href":"https:\/\/blogdoedvaldomagalhaes.com.br\/index.php\/wp-json\/wp\/v2\/posts\/109933\/revisions\/109937"}],"wp:featuredmedia":[{"embeddable":true,"href":"https:\/\/blogdoedvaldomagalhaes.com.br\/index.php\/wp-json\/wp\/v2\/media\/11338"}],"wp:attachment":[{"href":"https:\/\/blogdoedvaldomagalhaes.com.br\/index.php\/wp-json\/wp\/v2\/media?parent=109933"}],"wp:term":[{"taxonomy":"category","embeddable":true,"href":"https:\/\/blogdoedvaldomagalhaes.com.br\/index.php\/wp-json\/wp\/v2\/categories?post=109933"},{"taxonomy":"post_tag","embeddable":true,"href":"https:\/\/blogdoedvaldomagalhaes.com.br\/index.php\/wp-json\/wp\/v2\/tags?post=109933"}],"curies":[{"name":"wp","href":"https:\/\/api.w.org\/{rel}","templated":true}]}}