{"id":109928,"date":"2024-06-28T11:49:07","date_gmt":"2024-06-28T14:49:07","guid":{"rendered":"https:\/\/blogdoedvaldomagalhaes.com.br\/?p=109928"},"modified":"2024-06-28T11:51:01","modified_gmt":"2024-06-28T14:51:01","slug":"veja-programacao-da-ultima-semana-do-sao-joao-na-estacao-ferroviaria","status":"publish","type":"post","link":"https:\/\/blogdoedvaldomagalhaes.com.br\/index.php\/2024\/06\/28\/veja-programacao-da-ultima-semana-do-sao-joao-na-estacao-ferroviaria\/","title":{"rendered":"Veja programa\u00e7\u00e3o da \u00faltima semana do S\u00e3o Jo\u00e3o na Esta\u00e7\u00e3o Ferrovi\u00e1ria"},"content":{"rendered":"<p>Na reta final do S\u00e3o Jo\u00e3o de Caruaru, o maior e mais tradicional festejo junino do Brasil, a Esta\u00e7\u00e3o Ferrovi\u00e1ria continua sendo o centro de uma programa\u00e7\u00e3o recheada de anima\u00e7\u00e3o, m\u00fasica e apresenta\u00e7\u00f5es culturais que j\u00e1 deixam um gostinho de saudade nos cora\u00e7\u00f5es dos visitantes e moradores.<\/p>\n<p>A celebra\u00e7\u00e3o no Polo Sebasti\u00e3o Biano foi marcada por apresenta\u00e7\u00f5es vibrantes das tradicionais Bandas de P\u00edfanos. As Bandas de P\u00edfanos Zabumba Caruara, Princesa do Agreste e a Alvorada encantaram o p\u00fablico presente, resgatando e celebrando a riqueza da cultura nordestina.<\/p>\n<p>No Polo do Repente, a programa\u00e7\u00e3o diversificada trouxe \u00e0 cena talentos como o Maestro Budi\u00e3o e o repentista Cacaio, al\u00e9m do Grupo Tabuleiro de Teatro, que apresentou o emocionante espet\u00e1culo &#8220;A Caravana da Ilus\u00e3o&#8221;. Tamb\u00e9m se destacou o Grupo Arte Cultura Nordeste, que proporcionou momentos de pura arte e tradi\u00e7\u00e3o.<\/p>\n<p>Os amantes do forr\u00f3 tiveram uma noite inesquec\u00edvel no Polo Camar\u00e3o. \u00c0s 19h, J\u00f4 Santanna deu in\u00edcio \u00e0 festa, seguido pela banda Os Vitalinos de Caruaru, Forr\u00f3 Rei do Canga\u00e7o e Nordeste Pra Vc. O ritmo contagiante do forr\u00f3 fez todos dan\u00e7arem celebrando a alegria do S\u00e3o Jo\u00e3o.<\/p>\n<p>No Polo Juarez Santiago, o aut\u00eantico forr\u00f3 p\u00e9 de serra dominou. Trio Bau dos Oito Baixos, Trio Fruta de Palma, Trio Galego de Tapera e Josa do Acordeon trouxeram o bom forr\u00f3 tradicional que \u00e9 a marca registrada do S\u00e3o Jo\u00e3o de Caruaru, fazendo com que o p\u00fablico vivenciasse a verdadeira ess\u00eancia da festa junina.<\/p>\n<p>A programa\u00e7\u00e3o na Esta\u00e7\u00e3o Ferrovi\u00e1ria segue at\u00e9 o s\u00e1bado (29), com muita cultura, m\u00fasica e tradi\u00e7\u00e3o.<br \/>\nFoto: Felipe Correia\/Secom\/PMC<br \/>\nSeja seguidor do Instagram do Blog @blogdoedvaldomagalhaes<\/p>\n<p><img loading=\"lazy\" decoding=\"async\" src=\"https:\/\/blogdoedvaldomagalhaes.com.br\/wp-content\/uploads\/2024\/06\/img-20240620-wa02913080158258081765628.jpg\" class=\"wp-image-109931 alignnone size-full\" width=\"1284\" height=\"992\" srcset=\"https:\/\/blogdoedvaldomagalhaes.com.br\/wp-content\/uploads\/2024\/06\/img-20240620-wa02913080158258081765628.jpg 1284w, https:\/\/blogdoedvaldomagalhaes.com.br\/wp-content\/uploads\/2024\/06\/img-20240620-wa02913080158258081765628-300x232.jpg 300w, https:\/\/blogdoedvaldomagalhaes.com.br\/wp-content\/uploads\/2024\/06\/img-20240620-wa02913080158258081765628-1024x791.jpg 1024w, https:\/\/blogdoedvaldomagalhaes.com.br\/wp-content\/uploads\/2024\/06\/img-20240620-wa02913080158258081765628-768x593.jpg 768w\" sizes=\"auto, (max-width: 1284px) 100vw, 1284px\" \/><\/p>\n","protected":false},"excerpt":{"rendered":"<p>Na reta final do S\u00e3o Jo\u00e3o de Caruaru, o maior e mais tradicional festejo junino do Brasil, a Esta\u00e7\u00e3o Ferrovi\u00e1ria&hellip;<\/p>\n","protected":false},"author":1,"featured_media":109929,"comment_status":"closed","ping_status":"open","sticky":false,"template":"","format":"standard","meta":{"footnotes":""},"categories":[14120],"tags":[30592,28803,27410,2,28801,6222,30928],"class_list":["post-109928","post","type-post","status-publish","format-standard","has-post-thumbnail","hentry","category-noticias","tag-blog-com-mais-seguidores","tag-blog-com-mais-visualizacoes","tag-blog-de-caruaru","tag-blog-do-edvaldo-magalhaes","tag-blog-mais-acessado","tag-sao-joao-de-caruaru","tag-veja-programacao-da-ultima-semana-do-sao-joao-na-estacao-ferroviaria"],"_links":{"self":[{"href":"https:\/\/blogdoedvaldomagalhaes.com.br\/index.php\/wp-json\/wp\/v2\/posts\/109928","targetHints":{"allow":["GET"]}}],"collection":[{"href":"https:\/\/blogdoedvaldomagalhaes.com.br\/index.php\/wp-json\/wp\/v2\/posts"}],"about":[{"href":"https:\/\/blogdoedvaldomagalhaes.com.br\/index.php\/wp-json\/wp\/v2\/types\/post"}],"author":[{"embeddable":true,"href":"https:\/\/blogdoedvaldomagalhaes.com.br\/index.php\/wp-json\/wp\/v2\/users\/1"}],"replies":[{"embeddable":true,"href":"https:\/\/blogdoedvaldomagalhaes.com.br\/index.php\/wp-json\/wp\/v2\/comments?post=109928"}],"version-history":[{"count":2,"href":"https:\/\/blogdoedvaldomagalhaes.com.br\/index.php\/wp-json\/wp\/v2\/posts\/109928\/revisions"}],"predecessor-version":[{"id":109932,"href":"https:\/\/blogdoedvaldomagalhaes.com.br\/index.php\/wp-json\/wp\/v2\/posts\/109928\/revisions\/109932"}],"wp:featuredmedia":[{"embeddable":true,"href":"https:\/\/blogdoedvaldomagalhaes.com.br\/index.php\/wp-json\/wp\/v2\/media\/109929"}],"wp:attachment":[{"href":"https:\/\/blogdoedvaldomagalhaes.com.br\/index.php\/wp-json\/wp\/v2\/media?parent=109928"}],"wp:term":[{"taxonomy":"category","embeddable":true,"href":"https:\/\/blogdoedvaldomagalhaes.com.br\/index.php\/wp-json\/wp\/v2\/categories?post=109928"},{"taxonomy":"post_tag","embeddable":true,"href":"https:\/\/blogdoedvaldomagalhaes.com.br\/index.php\/wp-json\/wp\/v2\/tags?post=109928"}],"curies":[{"name":"wp","href":"https:\/\/api.w.org\/{rel}","templated":true}]}}