{"id":109773,"date":"2024-06-25T12:32:39","date_gmt":"2024-06-25T15:32:39","guid":{"rendered":"https:\/\/blogdoedvaldomagalhaes.com.br\/?p=109773"},"modified":"2024-06-25T14:51:05","modified_gmt":"2024-06-25T17:51:05","slug":"mortes-e-feridos-registrados-durante-operacao-sao-joao-da-prf-em-pernambuco","status":"publish","type":"post","link":"https:\/\/blogdoedvaldomagalhaes.com.br\/index.php\/2024\/06\/25\/mortes-e-feridos-registrados-durante-operacao-sao-joao-da-prf-em-pernambuco\/","title":{"rendered":"Mortes e feridos registrados durante Opera\u00e7\u00e3o S\u00e3o Jo\u00e3o da PRF em Pernambuco"},"content":{"rendered":"<p>A Pol\u00edcia Rodovi\u00e1ria Federal (PRF) encerrou, nesda segunda (24), a Opera\u00e7\u00e3o S\u00e3o Jo\u00e3o 2024 em Pernambuco. O refor\u00e7o nas fiscaliza\u00e7\u00f5es teve in\u00edcio na \u00faltima sexta (21) e buscou promover a seguran\u00e7a vi\u00e1ria e a mobilidade do tr\u00e2nsito nas rodovias federais do estado, que tem os festejos juninos como uma de suas maiores manifesta\u00e7\u00f5es culturais. <\/p>\n<p>A expectativa de que houvesse, durante a opera\u00e7\u00e3o, um aumento expressivo na movimenta\u00e7\u00e3o de ve\u00edculos foi confirmada, nas BRs que d\u00e3o acesso aos importantes polos do S\u00e3o Jo\u00e3o no estado, como Caruaru, Gravat\u00e1, Bezerros, Arcoverde e Petrolina, que atraem visitantes locais e de outras regi\u00f5es. Milhares de pessoas circularam nas BRs 232, 408, 104, 407 e 428, que levam ao Agreste e Sert\u00e3o do estado, e contaram com a presen\u00e7a dos policiais nos principais trechos.<\/p>\n<p>A PRF refor\u00e7ou a fiscaliza\u00e7\u00e3o em trechos cr\u00edticos das rodovias, a partir de levantamentos dos locais onde mais ocorrem colis\u00f5es com feridos ou mortes. Nos quatro dias da Opera\u00e7\u00e3o S\u00e3o Jo\u00e3o 2024, foram registrados 39 sinistros, que resultaram em 35 feridos e quatro mortes. J\u00e1 durante a Opera\u00e7\u00e3o S\u00e3o Jo\u00e3o 2023, a PRF registrou 35 sinistros de tr\u00e2nsito, que resultaram em 37 pessoas feridas e tr\u00eas mortos.<\/p>\n<p>Para prevenir mortes por excesso de velocidade, os policiais atuaram com radares port\u00e1teis que captam a velocidade do ve\u00edculo a cerca de um quil\u00f4metro de dist\u00e2ncia. Flagrados trafegando com velocidade acima do permitido, 184 motoristas foram autuados. J\u00e1 com o objetivo de retirar condutores alcoolizados das rodovias, as equipes intensificaram tamb\u00e9m as abordagens com o uso de etil\u00f4metros, mais conhecidos como baf\u00f4metros. Fizeram o teste durante a opera\u00e7\u00e3o 2.546 condutores, 67 deles acabaram autuados por alcoolemia ao volante e oito desses foram encaminhados para a delegacia de pol\u00edcia.<\/p>\n<p>As ultrapassagens em local proibido tamb\u00e9m estiveram no foco da fiscaliza\u00e7\u00e3o. Os PRFs flagraram 202 motoristas realizando esse tipo de manobra de forma perigosa. Al\u00e9m disso, as motocicletas receberam uma aten\u00e7\u00e3o especial da PRF durante a opera\u00e7\u00e3o, devido ao aumento na quantidade de sinistros envolvendo esses ve\u00edculos. 48 condutores e passageiros de motos cometeram a infra\u00e7\u00e3o de transitar sem o uso do capacete.<\/p>\n<p>Outros equipamentos obrigat\u00f3rios, como os dispositivos de seguran\u00e7a para o transporte de crian\u00e7as e o cinto de seguran\u00e7a tamb\u00e9m foram ignorados por alguns motoristas. Foram emitidos 32 autos de infra\u00e7\u00e3o pelo transporte de crian\u00e7as sem o beb\u00ea conforto, cadeirinha ou assento de eleva\u00e7\u00e3o. E ainda, 39 motoristas e 90 passageiros foram flagrados sem o cinto de seguran\u00e7a. J\u00e1 o uso do celular na dire\u00e7\u00e3o do ve\u00edculo resultou em 19 condutores autuados.<\/p>\n<p>Por diversos tipos de infra\u00e7\u00f5es e irregularidades, 154 ve\u00edculos foram recolhidos. Ainda com foco na seguran\u00e7a vi\u00e1ria, a PRF afastou das BRs 166 animais de m\u00e9dio e grande porte. Foram prestados ainda 82 aux\u00edlios a motoristas que tiveram algum problema durante a viagem, a exemplo de pneu furado e pane mec\u00e2nica.<\/p>\n<p>A\u00e7\u00f5es de enfrentamento ao crime tamb\u00e9m foram intensificadas, com o apoio do Comando de Opera\u00e7\u00f5es Especializadas da PRF. O refor\u00e7o buscou levar mais seguran\u00e7a a quem viajou nesse per\u00edodo e coibir assaltos, recepta\u00e7\u00e3o, porte ilegal de arma, tr\u00e1fico de drogas e contrabando de mercadorias. Durante a opera\u00e7\u00e3o, a PRF deteve 18 pessoas por diversos crimes, entre eles uso de documento falso, tr\u00e1fico de drogas, recepta\u00e7\u00e3o e adultera\u00e7\u00e3o de ve\u00edculo.<\/p>\n<p>*CINEMA RODOVI\u00c1RIO* \u2013 A PRF este ano levou a Caruaru uma super novidade quanto \u00e0s a\u00e7\u00f5es de educa\u00e7\u00e3o para o tr\u00e2nsito. \u00c9 que a Carreta Cinema Rodovi\u00e1rio estacionou na capital do forr\u00f3 e levou muita informa\u00e7\u00e3o sobre seguran\u00e7a vi\u00e1ria de forma l\u00fadica e interativa. Em todo o estado, foram alcan\u00e7adas 1.813 pessoas com diversas a\u00e7\u00f5es educativas, como palestras, a\u00e7\u00f5es de travessia segura e abordagens nas rodovias. <\/p>\n<p>O Cinema Rodovi\u00e1rio tem capacidade para 48 pessoas por sess\u00e3o. Possui toda a estrutura de uma sala de cinema, como sistema de proje\u00e7\u00e3o, poltronas, ar-condicionado, banheiros e at\u00e9 mesmo m\u00e1quina de pipocas. As sess\u00f5es duram cerca de 40 minutos, quando s\u00e3o apresentados v\u00eddeos sobre seguran\u00e7a no tr\u00e2nsito. \u00c9 uma atra\u00e7\u00e3o a mais para quem ainda vai aproveitar a festa at\u00e9 o dia de S\u00e3o Pedro, sem esquecer que a responsabilidade de construir um tr\u00e2nsito mais seguro \u00e9 de todos.<\/p>\n<p>A atra\u00e7\u00e3o ficar\u00e1 aberta ao p\u00fablico at\u00e9 o dia 29 de junho, com palestras pela manh\u00e3, \u00e0 tarde e \u00e0 noite. O Cinema Rodovi\u00e1rio \u00e9 para motoristas, passageiros, pedestres, adultos e crian\u00e7as, todo mundo pode participar.Foto: Divulga\u00e7\u00e3o\/PRF<br \/>\nSeja seguidor do Instagram do Blog @blogdoedvaldomagalhaes<\/p>\n","protected":false},"excerpt":{"rendered":"<p>A Pol\u00edcia Rodovi\u00e1ria Federal (PRF) encerrou, nesda segunda (24), a Opera\u00e7\u00e3o S\u00e3o Jo\u00e3o 2024 em Pernambuco. O refor\u00e7o nas fiscaliza\u00e7\u00f5es&hellip;<\/p>\n","protected":false},"author":1,"featured_media":109774,"comment_status":"closed","ping_status":"open","sticky":false,"template":"","format":"standard","meta":{"footnotes":""},"categories":[14121],"tags":[14276,28803,27410,2,28801,30884,30295],"class_list":["post-109773","post","type-post","status-publish","format-standard","has-post-thumbnail","hentry","category-policial","tag-acidente","tag-blog-com-mais-visualizacoes","tag-blog-de-caruaru","tag-blog-do-edvaldo-magalhaes","tag-blog-mais-acessado","tag-mortes-e-feridos-registrados-durante-operacao-sao-joao-da-prf-em-pernambuco","tag-sinistro"],"_links":{"self":[{"href":"https:\/\/blogdoedvaldomagalhaes.com.br\/index.php\/wp-json\/wp\/v2\/posts\/109773","targetHints":{"allow":["GET"]}}],"collection":[{"href":"https:\/\/blogdoedvaldomagalhaes.com.br\/index.php\/wp-json\/wp\/v2\/posts"}],"about":[{"href":"https:\/\/blogdoedvaldomagalhaes.com.br\/index.php\/wp-json\/wp\/v2\/types\/post"}],"author":[{"embeddable":true,"href":"https:\/\/blogdoedvaldomagalhaes.com.br\/index.php\/wp-json\/wp\/v2\/users\/1"}],"replies":[{"embeddable":true,"href":"https:\/\/blogdoedvaldomagalhaes.com.br\/index.php\/wp-json\/wp\/v2\/comments?post=109773"}],"version-history":[{"count":1,"href":"https:\/\/blogdoedvaldomagalhaes.com.br\/index.php\/wp-json\/wp\/v2\/posts\/109773\/revisions"}],"predecessor-version":[{"id":109775,"href":"https:\/\/blogdoedvaldomagalhaes.com.br\/index.php\/wp-json\/wp\/v2\/posts\/109773\/revisions\/109775"}],"wp:featuredmedia":[{"embeddable":true,"href":"https:\/\/blogdoedvaldomagalhaes.com.br\/index.php\/wp-json\/wp\/v2\/media\/109774"}],"wp:attachment":[{"href":"https:\/\/blogdoedvaldomagalhaes.com.br\/index.php\/wp-json\/wp\/v2\/media?parent=109773"}],"wp:term":[{"taxonomy":"category","embeddable":true,"href":"https:\/\/blogdoedvaldomagalhaes.com.br\/index.php\/wp-json\/wp\/v2\/categories?post=109773"},{"taxonomy":"post_tag","embeddable":true,"href":"https:\/\/blogdoedvaldomagalhaes.com.br\/index.php\/wp-json\/wp\/v2\/tags?post=109773"}],"curies":[{"name":"wp","href":"https:\/\/api.w.org\/{rel}","templated":true}]}}