{"id":109769,"date":"2024-06-24T19:12:59","date_gmt":"2024-06-24T22:12:59","guid":{"rendered":"https:\/\/blogdoedvaldomagalhaes.com.br\/?p=109769"},"modified":"2024-06-24T19:13:00","modified_gmt":"2024-06-24T22:13:00","slug":"simposio-de-educacao-do-agreste-promete-ser-marco-na-formacao-profissional-continuada-por-roberto-peixoto","status":"publish","type":"post","link":"https:\/\/blogdoedvaldomagalhaes.com.br\/index.php\/2024\/06\/24\/simposio-de-educacao-do-agreste-promete-ser-marco-na-formacao-profissional-continuada-por-roberto-peixoto\/","title":{"rendered":"Simp\u00f3sio de Educa\u00e7\u00e3o do Agreste Promete Ser Marco na Forma\u00e7\u00e3o Profissional Continuada, por Roberto Peixoto"},"content":{"rendered":"<p>No pr\u00f3ximo dia 20 de julho de 2024, das 10h \u00e0s 18h, a R.P. Assessoria &#038; Consultoria Pedag\u00f3gica, realizar\u00e1  no SENAC\/Caruaru, Pernambuco, o aguardado primeiro Simp\u00f3sio de Educa\u00e7\u00e3o do Agreste, organizado pelo professor Roberto Peixoto. Este evento, est\u00e1 marcado para ser um marco na forma\u00e7\u00e3o profissional continuada da regi\u00e3o, promete reunir intelectuais brilhantes e educadores comprometidos com o avan\u00e7o da educa\u00e7\u00e3o.<\/p>\n<p>O simp\u00f3sio surge como uma iniciativa crucial para atender \u00e0s necessidades educacionais das diversas cidades do agreste pernambucano. Com uma programa\u00e7\u00e3o rica e diversificada, o evento abordar\u00e1 temas contempor\u00e2neos e desafios atuais enfrentados pelo setor educacional. Profissionais da educa\u00e7\u00e3o, gestores escolares, estudantes e demais interessados ter\u00e3o a oportunidade \u00fanica de participar de palestras, conduzidos por especialistas reconhecidos nacionalmente.<\/p>\n<p>O professor Roberto Peixoto, idealizador e organizador do simp\u00f3sio, destaca a import\u00e2ncia de promover espa\u00e7os de troca de conhecimento e atualiza\u00e7\u00e3o cont\u00ednua para os educadores da regi\u00e3o. O objetivo \u00e9 criar um ambiente prop\u00edcio para o debate e para a reflex\u00e3o sobre as melhores pr\u00e1ticas educacionais, visando sempre \u00e0 melhoria da qualidade do ensino no agreste&#8221;.<\/p>\n<p>Entre os temas que ser\u00e3o discutidos est\u00e3o: Educa\u00e7\u00e3o: Que tempos, espa\u00e7os e contextos? Di\u00e1logos para muitos dias; Motiva\u00e7\u00e3o e desempenho profissional para educadores; Forma\u00e7\u00e3o de professores, gest\u00e3o educacional e novas metodologias de ensino-aprendizagem. O Direito Educacional na vida da escola: A Responsabilidade Civil como premissa maior; Por que somos professores: A gest\u00e3o da sala de aula e suas implica\u00e7\u00f5es na vida escolar. Educa\u00e7\u00e3o e Direitos Humanos na escola: Por uma pedagogia da Cultura de Paz<\/p>\n<p>A expectativa \u00e9 que o simp\u00f3sio n\u00e3o apenas ofere\u00e7a insights valiosos, mas tamb\u00e9m fortale\u00e7a a rede de colabora\u00e7\u00e3o entre institui\u00e7\u00f5es educacionais da regi\u00e3o.<\/p>\n<p>Al\u00e9m das palestras e atividades acad\u00eamicas, o evento tamb\u00e9m reserva momentos para lazer no Shopping Caruaru e intera\u00e7\u00e3o entre os participantes, proporcionando um ambiente prop\u00edcio para a troca de experi\u00eancias e o desenvolvimento de parcerias estrat\u00e9gicas.<\/p>\n<p>Para os interessados em participar, as inscri\u00e7\u00f5es j\u00e1 est\u00e3o abertas e podem ser feitas atrav\u00e9s do PIX: (81) 99231. 8354. Os organizadores recomendam que os interessados garantam suas vagas com anteced\u00eancia, dada a expectativa de grande procura.<\/p>\n<p>O primeiro Simp\u00f3sio de Educa\u00e7\u00e3o do Agreste se apresenta n\u00e3o apenas como um evento pontual, mas como o in\u00edcio de um movimento de transforma\u00e7\u00e3o e fortalecimento da educa\u00e7\u00e3o na regi\u00e3o. Com a participa\u00e7\u00e3o ativa de educadores comprometidos e a contribui\u00e7\u00e3o de especialistas, a expectativa \u00e9 que este seja o primeiro de muitos encontros que impulsionar\u00e3o o desenvolvimento educacional no agreste pernambucano.<\/p>\n<p>Roberto Peixoto \u00e9 Mestre em Educa\u00e7\u00e3o.<br \/>\nFoto: Divulga\u00e7\u00e3o<br \/>\nSeja seguidor do Instagram do Blog @blogdoedvaldomagalhaes<\/p>\n","protected":false},"excerpt":{"rendered":"<p>No pr\u00f3ximo dia 20 de julho de 2024, das 10h \u00e0s 18h, a R.P. Assessoria &#038; Consultoria Pedag\u00f3gica, realizar\u00e1 no&hellip;<\/p>\n","protected":false},"author":1,"featured_media":109770,"comment_status":"closed","ping_status":"open","sticky":false,"template":"","format":"standard","meta":{"footnotes":""},"categories":[14120],"tags":[30592,28803,27410,2,30883,30882],"class_list":["post-109769","post","type-post","status-publish","format-standard","has-post-thumbnail","hentry","category-noticias","tag-blog-com-mais-seguidores","tag-blog-com-mais-visualizacoes","tag-blog-de-caruaru","tag-blog-do-edvaldo-magalhaes","tag-por-roberto-peixoto","tag-simposio-de-educacao-do-agreste-promete-ser-marco-na-formacao-profissional-continuada"],"_links":{"self":[{"href":"https:\/\/blogdoedvaldomagalhaes.com.br\/index.php\/wp-json\/wp\/v2\/posts\/109769","targetHints":{"allow":["GET"]}}],"collection":[{"href":"https:\/\/blogdoedvaldomagalhaes.com.br\/index.php\/wp-json\/wp\/v2\/posts"}],"about":[{"href":"https:\/\/blogdoedvaldomagalhaes.com.br\/index.php\/wp-json\/wp\/v2\/types\/post"}],"author":[{"embeddable":true,"href":"https:\/\/blogdoedvaldomagalhaes.com.br\/index.php\/wp-json\/wp\/v2\/users\/1"}],"replies":[{"embeddable":true,"href":"https:\/\/blogdoedvaldomagalhaes.com.br\/index.php\/wp-json\/wp\/v2\/comments?post=109769"}],"version-history":[{"count":1,"href":"https:\/\/blogdoedvaldomagalhaes.com.br\/index.php\/wp-json\/wp\/v2\/posts\/109769\/revisions"}],"predecessor-version":[{"id":109771,"href":"https:\/\/blogdoedvaldomagalhaes.com.br\/index.php\/wp-json\/wp\/v2\/posts\/109769\/revisions\/109771"}],"wp:featuredmedia":[{"embeddable":true,"href":"https:\/\/blogdoedvaldomagalhaes.com.br\/index.php\/wp-json\/wp\/v2\/media\/109770"}],"wp:attachment":[{"href":"https:\/\/blogdoedvaldomagalhaes.com.br\/index.php\/wp-json\/wp\/v2\/media?parent=109769"}],"wp:term":[{"taxonomy":"category","embeddable":true,"href":"https:\/\/blogdoedvaldomagalhaes.com.br\/index.php\/wp-json\/wp\/v2\/categories?post=109769"},{"taxonomy":"post_tag","embeddable":true,"href":"https:\/\/blogdoedvaldomagalhaes.com.br\/index.php\/wp-json\/wp\/v2\/tags?post=109769"}],"curies":[{"name":"wp","href":"https:\/\/api.w.org\/{rel}","templated":true}]}}