{"id":109761,"date":"2024-06-24T13:48:57","date_gmt":"2024-06-24T16:48:57","guid":{"rendered":"https:\/\/blogdoedvaldomagalhaes.com.br\/?p=109761"},"modified":"2024-06-24T13:48:58","modified_gmt":"2024-06-24T16:48:58","slug":"ze-neto-e-cristiano-se-apresentaram-na-vespera-de-sao-joao-em-caruaru","status":"publish","type":"post","link":"https:\/\/blogdoedvaldomagalhaes.com.br\/index.php\/2024\/06\/24\/ze-neto-e-cristiano-se-apresentaram-na-vespera-de-sao-joao-em-caruaru\/","title":{"rendered":"Z\u00e9 Neto e Cristiano se apresentaram na v\u00e9spera de S\u00e3o Jo\u00e3o em Caruaru"},"content":{"rendered":"<p>O P\u00e1tio de Eventos Luiz Lua Gonzaga lotou pela primeira vez em uma noite de 23 de junho, v\u00e9spera de S\u00e3o Jo\u00e3o, quando as fam\u00edlias costumam celebrar a data com fogueiras e comidas juninas em casa. Apesar desta tradi\u00e7\u00e3o continuar sendo seguida em Caruaru, milhares de pessoas decidiram aproveitar para curtir os shows da Banda Magn\u00edficos, Matheus Fernandes, Z\u00e9 Neto e Cristiano, e Petr\u00facio Amorim, formando uma grande quadrilha junina e exaltando o nosso forr\u00f3.<\/p>\n<p>A \u201cpreferida do Brasil\u201d, como \u00e9 conhecida a Banda Magn\u00edficos, abriu a noite trazendo grandes sucessos do forr\u00f3 para o p\u00fablico. O grupo tem quase 30 anos de hist\u00f3ria e sempre defendeu a bandeira do forr\u00f3, sem mudar seu estilo ao longo destas d\u00e9cadas. \u201cVamos seguir assim, defendendo a nossa forma de fazer m\u00fasica. Espero que a gente possa celebrar o forr\u00f3 por muitos e muitos anos aqui em Caruaru\u201d, disse o vocalista, Fernando Frajola. <\/p>\n<p>Em seguida, foi a vez do p\u00fablico receber o forr\u00f3 eletr\u00f4nico de Matheus Fernandes, que tamb\u00e9m aproveitou para trazer grandes cl\u00e1ssicos e transformar o P\u00e1tio de Eventos em uma grande quadrilha junina. \u201cO Maior S\u00e3o Jo\u00e3o do Mundo \u00e9 aqui, em Caruaru, e eu me sinto bastante honrado em fazer parte desta programa\u00e7\u00e3o em um dia t\u00e3o importante para a cidade e todo o Nordeste. E, claro, trazendo o melhor forr\u00f3 para esse grande p\u00fablico\u201d, afirmou o cantor e compositor cearense.<\/p>\n<p>A dupla Z\u00e9 Neto e Cristiano tamb\u00e9m protagonizou um grande momento da noite: a tradicional queima de fogos \u00e0 meia-noite, quando o rel\u00f3gio anunciava a chegada do dia de S\u00e3o Jo\u00e3o, 24 de junho. Por fim, Petr\u00facio Amorim, o poeta do forr\u00f3 que canta o jingle do S\u00e3o Jo\u00e3o deste ano ao lado de Solange Almeida, fechou a noite com chave de ouro e fez todo o p\u00fablico, que n\u00e3o deixou o P\u00e1tio de Eventos, dan\u00e7ar at\u00e9 o \u00faltimo momento. <\/p>\n<p>O caruaruense mora no Recife h\u00e1 cerca de 40 anos, mas sempre trouxe a terra natal nas suas composi\u00e7\u00f5es. \u201cCaruaru \u00e9 minha grande inspira\u00e7\u00e3o para compor. Eu venho do bairro do Vassoural e tenho muito orgulho disso. Voltar para Caruaru, a minha cidade, sempre me d\u00e1 uma alegria muito grande, ainda mais em uma v\u00e9spera de S\u00e3o Jo\u00e3o\u201d, falou. A festa continua neste 24 de junho no P\u00e1tio, com shows de Thiago Freitas, Alok e Jo\u00e3o Gomes.<br \/>\nFoto: Felipe Correia\/Secom\/PMC<br \/>\nSeja seguidor do Instagram do Blog @blogdedvaldomagalhaes<\/p>\n","protected":false},"excerpt":{"rendered":"<p>O P\u00e1tio de Eventos Luiz Lua Gonzaga lotou pela primeira vez em uma noite de 23 de junho, v\u00e9spera de&hellip;<\/p>\n","protected":false},"author":1,"featured_media":109762,"comment_status":"closed","ping_status":"open","sticky":false,"template":"","format":"standard","meta":{"footnotes":""},"categories":[14120],"tags":[30592,28803,27410,2,28801,6222,30879],"class_list":["post-109761","post","type-post","status-publish","format-standard","has-post-thumbnail","hentry","category-noticias","tag-blog-com-mais-seguidores","tag-blog-com-mais-visualizacoes","tag-blog-de-caruaru","tag-blog-do-edvaldo-magalhaes","tag-blog-mais-acessado","tag-sao-joao-de-caruaru","tag-ze-neto-e-cristiano-se-apresentaram-na-vespera-de-sao-joao-em-caruaru"],"_links":{"self":[{"href":"https:\/\/blogdoedvaldomagalhaes.com.br\/index.php\/wp-json\/wp\/v2\/posts\/109761","targetHints":{"allow":["GET"]}}],"collection":[{"href":"https:\/\/blogdoedvaldomagalhaes.com.br\/index.php\/wp-json\/wp\/v2\/posts"}],"about":[{"href":"https:\/\/blogdoedvaldomagalhaes.com.br\/index.php\/wp-json\/wp\/v2\/types\/post"}],"author":[{"embeddable":true,"href":"https:\/\/blogdoedvaldomagalhaes.com.br\/index.php\/wp-json\/wp\/v2\/users\/1"}],"replies":[{"embeddable":true,"href":"https:\/\/blogdoedvaldomagalhaes.com.br\/index.php\/wp-json\/wp\/v2\/comments?post=109761"}],"version-history":[{"count":1,"href":"https:\/\/blogdoedvaldomagalhaes.com.br\/index.php\/wp-json\/wp\/v2\/posts\/109761\/revisions"}],"predecessor-version":[{"id":109763,"href":"https:\/\/blogdoedvaldomagalhaes.com.br\/index.php\/wp-json\/wp\/v2\/posts\/109761\/revisions\/109763"}],"wp:featuredmedia":[{"embeddable":true,"href":"https:\/\/blogdoedvaldomagalhaes.com.br\/index.php\/wp-json\/wp\/v2\/media\/109762"}],"wp:attachment":[{"href":"https:\/\/blogdoedvaldomagalhaes.com.br\/index.php\/wp-json\/wp\/v2\/media?parent=109761"}],"wp:term":[{"taxonomy":"category","embeddable":true,"href":"https:\/\/blogdoedvaldomagalhaes.com.br\/index.php\/wp-json\/wp\/v2\/categories?post=109761"},{"taxonomy":"post_tag","embeddable":true,"href":"https:\/\/blogdoedvaldomagalhaes.com.br\/index.php\/wp-json\/wp\/v2\/tags?post=109761"}],"curies":[{"name":"wp","href":"https:\/\/api.w.org\/{rel}","templated":true}]}}