{"id":109753,"date":"2024-06-24T13:04:15","date_gmt":"2024-06-24T16:04:15","guid":{"rendered":"https:\/\/blogdoedvaldomagalhaes.com.br\/?p=109753"},"modified":"2024-06-24T13:04:16","modified_gmt":"2024-06-24T16:04:16","slug":"carro-com-grupo-de-forrozeiros-capota-na-br-232-apos-festa-de-sao-joao","status":"publish","type":"post","link":"https:\/\/blogdoedvaldomagalhaes.com.br\/index.php\/2024\/06\/24\/carro-com-grupo-de-forrozeiros-capota-na-br-232-apos-festa-de-sao-joao\/","title":{"rendered":"Carro com grupo de forrozeiros capota na BR 232, ap\u00f3s festa de S\u00e3o Jo\u00e3o"},"content":{"rendered":"<p>Por volta das 6h da manh\u00e3 desta segunda-feira (24.06), o motorista de um carro perdeu o controle do veiculo, saiu da pista e capotou em uma ribanceira no km 15 da BR 232, em Jaboat\u00e3o dos Guararapes, no sentido Recife. Quatro pessoas estavam no carro e ningu\u00e9m ficou ferido.<\/p>\n<p>O motorista Nildo do Acordeon realizou o teste do baf\u00f4metro e o resultado foi normal. No ve\u00edculo estavam integrantes da banda Nildo do Acordeon e os Cowboys do Forr\u00f3, que se apresentaram no S\u00e3o Jo\u00e3o de Gravat\u00e1. O carro j\u00e1 foi retirado do local.<br \/>\nFoto: Divulga\u00e7\u00e3o\/PRF<br \/>\nSeja seguidor do Instagram do Blog @blogdoedvaldomagalhaes<\/p>\n","protected":false},"excerpt":{"rendered":"<p>Por volta das 6h da manh\u00e3 desta segunda-feira (24.06), o motorista de um carro perdeu o controle do veiculo, saiu&hellip;<\/p>\n","protected":false},"author":1,"featured_media":109754,"comment_status":"closed","ping_status":"open","sticky":false,"template":"","format":"standard","meta":{"footnotes":""},"categories":[14120],"tags":[14276,30592,28803,2,28801,30877,6222,30295],"class_list":["post-109753","post","type-post","status-publish","format-standard","has-post-thumbnail","hentry","category-noticias","tag-acidente","tag-blog-com-mais-seguidores","tag-blog-com-mais-visualizacoes","tag-blog-do-edvaldo-magalhaes","tag-blog-mais-acessado","tag-grupo-de-forrozeiros-sofre-acidente-e-capota-carro-voltando-de-festa-de-sao-joao","tag-sao-joao-de-caruaru","tag-sinistro"],"_links":{"self":[{"href":"https:\/\/blogdoedvaldomagalhaes.com.br\/index.php\/wp-json\/wp\/v2\/posts\/109753","targetHints":{"allow":["GET"]}}],"collection":[{"href":"https:\/\/blogdoedvaldomagalhaes.com.br\/index.php\/wp-json\/wp\/v2\/posts"}],"about":[{"href":"https:\/\/blogdoedvaldomagalhaes.com.br\/index.php\/wp-json\/wp\/v2\/types\/post"}],"author":[{"embeddable":true,"href":"https:\/\/blogdoedvaldomagalhaes.com.br\/index.php\/wp-json\/wp\/v2\/users\/1"}],"replies":[{"embeddable":true,"href":"https:\/\/blogdoedvaldomagalhaes.com.br\/index.php\/wp-json\/wp\/v2\/comments?post=109753"}],"version-history":[{"count":1,"href":"https:\/\/blogdoedvaldomagalhaes.com.br\/index.php\/wp-json\/wp\/v2\/posts\/109753\/revisions"}],"predecessor-version":[{"id":109755,"href":"https:\/\/blogdoedvaldomagalhaes.com.br\/index.php\/wp-json\/wp\/v2\/posts\/109753\/revisions\/109755"}],"wp:featuredmedia":[{"embeddable":true,"href":"https:\/\/blogdoedvaldomagalhaes.com.br\/index.php\/wp-json\/wp\/v2\/media\/109754"}],"wp:attachment":[{"href":"https:\/\/blogdoedvaldomagalhaes.com.br\/index.php\/wp-json\/wp\/v2\/media?parent=109753"}],"wp:term":[{"taxonomy":"category","embeddable":true,"href":"https:\/\/blogdoedvaldomagalhaes.com.br\/index.php\/wp-json\/wp\/v2\/categories?post=109753"},{"taxonomy":"post_tag","embeddable":true,"href":"https:\/\/blogdoedvaldomagalhaes.com.br\/index.php\/wp-json\/wp\/v2\/tags?post=109753"}],"curies":[{"name":"wp","href":"https:\/\/api.w.org\/{rel}","templated":true}]}}