{"id":109732,"date":"2024-06-23T15:13:43","date_gmt":"2024-06-23T18:13:43","guid":{"rendered":"https:\/\/blogdoedvaldomagalhaes.com.br\/?p=109732"},"modified":"2024-06-23T15:28:59","modified_gmt":"2024-06-23T18:28:59","slug":"banda-de-pifanos-de-caruaru-celebra-100-anos-com-show-no-polo-azulao-e-com-homenagem-do-vereador-leonardo-chaves","status":"publish","type":"post","link":"https:\/\/blogdoedvaldomagalhaes.com.br\/index.php\/2024\/06\/23\/banda-de-pifanos-de-caruaru-celebra-100-anos-com-show-no-polo-azulao-e-com-homenagem-do-vereador-leonardo-chaves\/","title":{"rendered":"&#8216;Banda de P\u00edfanos de Caruaru\u2019 celebra 100 anos com show no Polo Azul\u00e3o e com homenagem do vereador Leonardo Chaves"},"content":{"rendered":"<p>A v\u00e9spera de S\u00e3o Jo\u00e3o ter\u00e1 um show especial dentro da programa\u00e7\u00e3o do Maior e Melhor S\u00e3o Jo\u00e3o do Mundo. A Banda de P\u00edfanos de Caruaru completa, em 2024, 100 anos de atividade e realizar\u00e1, neste domingo (23), um show comemorativo no Polo Azul\u00e3o.<\/p>\n<p>Formada atualmente por descendentes dos fundadores (sobrinhos e netos, por exemplo), al\u00e9m de convidados, a Banda de P\u00edfanos de Caruaru \u00e9 liderada por Jo\u00e3o Biano, que integra o grupo desde 1955 (zabumbeiro). Ele \u00e9 neto de Manuel Clarindo Biano, um dos fundadores.<\/p>\n<p>De acordo com Jo\u00e3o Biano, ser\u00e1 um momento para celebrar n\u00e3o somente o centen\u00e1rio do grupo e a influ\u00eancia dele na forma\u00e7\u00e3o de dezenas de outros artistas, mas tamb\u00e9m outros grandes nomes da m\u00fasica regional que merecem ser lembrados e reverenciados.<\/p>\n<p>\u201cFaremos uma homenagem tamb\u00e9m para os nossos compositores. L\u00eddio Cavalcanti, Janduhy Finizola, Jacinto Silva e Nelson Barbalho, por exemplo. E tudo \u00e9 Caruaru. Ali\u00e1s, \u00e9 um repert\u00f3rio referente aos compositores de Caruaru\u201d, antecipa Jo\u00e3o Biano, entusiasmado com a apresenta\u00e7\u00e3o.<\/p>\n<p>MEDALHA &#8211; Na ocasi\u00e3o, Jo\u00e3o Biano tamb\u00e9m receber\u00e1 a Medalha de Honra ao M\u00e9rito Sebasti\u00e3o Clarindo Biano, concedida pela C\u00e2mara Municipal de Caruaru, em reconhecimento \u00e0 trajet\u00f3ria centen\u00e1ria da Banda de P\u00edfanos, propositura do vereador Leonardo Chaves, que far\u00e1 a entrega.<\/p>\n<p>LEGADO &#8211; Considerado um dos grupos mais tradicionais do pa\u00eds, acumulou, no decorrer da carreira, grandes parcerias musicais. Gilberto Gil, por exemplo, se refere a eles, na m\u00fasica \u2018Forrozear\u2019, como \u201cOs Beatles de Caruaru\u201d &#8211; em refer\u00eancia ao grupo ingl\u00eas The Beatles.<\/p>\n<p>S\u00e3o sete trabalhos lan\u00e7ados (entre LPs e CDs). O mais recente, intitulado \u2018No s\u00e9culo XXI, no P\u00e1tio do Forr\u00f3\u2019, venceu o pr\u00eamio de \u2018Melhor \u00c1lbum de M\u00fasica Regional ou de Ra\u00edzes Brasileiras\u2019, na 5\u00aa edi\u00e7\u00e3o do Grammy Latino. O grupo tamb\u00e9m recebeu, em 2006, do Governo Federal, a Ordem do M\u00e9rito Cultural.<br \/>\nFoto: Felipe Correia\/Arquivo<\/p>\n<p><img loading=\"lazy\" decoding=\"async\" class=\"wp-image-109735 alignnone size-full\" src=\"https:\/\/blogdoedvaldomagalhaes.com.br\/wp-content\/uploads\/2024\/06\/img-20240620-wa02912845008139168804204.jpg\" width=\"1284\" height=\"992\" srcset=\"https:\/\/blogdoedvaldomagalhaes.com.br\/wp-content\/uploads\/2024\/06\/img-20240620-wa02912845008139168804204.jpg 1284w, https:\/\/blogdoedvaldomagalhaes.com.br\/wp-content\/uploads\/2024\/06\/img-20240620-wa02912845008139168804204-300x232.jpg 300w, https:\/\/blogdoedvaldomagalhaes.com.br\/wp-content\/uploads\/2024\/06\/img-20240620-wa02912845008139168804204-1024x791.jpg 1024w, https:\/\/blogdoedvaldomagalhaes.com.br\/wp-content\/uploads\/2024\/06\/img-20240620-wa02912845008139168804204-768x593.jpg 768w\" sizes=\"auto, (max-width: 1284px) 100vw, 1284px\" \/><img loading=\"lazy\" decoding=\"async\" src=\"https:\/\/blogdoedvaldomagalhaes.com.br\/wp-content\/uploads\/2024\/06\/img-20240530-wa0055200099672298797849.jpg\" class=\"wp-image-109736 alignnone size-full\" width=\"900\" height=\"1600\" srcset=\"https:\/\/blogdoedvaldomagalhaes.com.br\/wp-content\/uploads\/2024\/06\/img-20240530-wa0055200099672298797849.jpg 900w, https:\/\/blogdoedvaldomagalhaes.com.br\/wp-content\/uploads\/2024\/06\/img-20240530-wa0055200099672298797849-169x300.jpg 169w, https:\/\/blogdoedvaldomagalhaes.com.br\/wp-content\/uploads\/2024\/06\/img-20240530-wa0055200099672298797849-576x1024.jpg 576w, https:\/\/blogdoedvaldomagalhaes.com.br\/wp-content\/uploads\/2024\/06\/img-20240530-wa0055200099672298797849-768x1365.jpg 768w, https:\/\/blogdoedvaldomagalhaes.com.br\/wp-content\/uploads\/2024\/06\/img-20240530-wa0055200099672298797849-864x1536.jpg 864w\" sizes=\"auto, (max-width: 900px) 100vw, 900px\" \/><img loading=\"lazy\" decoding=\"async\" src=\"https:\/\/blogdoedvaldomagalhaes.com.br\/wp-content\/uploads\/2024\/06\/img-20240611-wa00967855153904477689631.jpg\" class=\"wp-image-109737 alignnone size-full\" width=\"1080\" height=\"1080\" srcset=\"https:\/\/blogdoedvaldomagalhaes.com.br\/wp-content\/uploads\/2024\/06\/img-20240611-wa00967855153904477689631.jpg 1080w, https:\/\/blogdoedvaldomagalhaes.com.br\/wp-content\/uploads\/2024\/06\/img-20240611-wa00967855153904477689631-300x300.jpg 300w, https:\/\/blogdoedvaldomagalhaes.com.br\/wp-content\/uploads\/2024\/06\/img-20240611-wa00967855153904477689631-1024x1024.jpg 1024w, https:\/\/blogdoedvaldomagalhaes.com.br\/wp-content\/uploads\/2024\/06\/img-20240611-wa00967855153904477689631-150x150.jpg 150w, https:\/\/blogdoedvaldomagalhaes.com.br\/wp-content\/uploads\/2024\/06\/img-20240611-wa00967855153904477689631-768x768.jpg 768w\" sizes=\"auto, (max-width: 1080px) 100vw, 1080px\" \/><\/p>\n","protected":false},"excerpt":{"rendered":"<p>A v\u00e9spera de S\u00e3o Jo\u00e3o ter\u00e1 um show especial dentro da programa\u00e7\u00e3o do Maior e Melhor S\u00e3o Jo\u00e3o do Mundo.&hellip;<\/p>\n","protected":false},"author":1,"featured_media":109733,"comment_status":"closed","ping_status":"open","sticky":false,"template":"","format":"standard","meta":{"footnotes":""},"categories":[14120],"tags":[],"class_list":["post-109732","post","type-post","status-publish","format-standard","has-post-thumbnail","hentry","category-noticias"],"_links":{"self":[{"href":"https:\/\/blogdoedvaldomagalhaes.com.br\/index.php\/wp-json\/wp\/v2\/posts\/109732","targetHints":{"allow":["GET"]}}],"collection":[{"href":"https:\/\/blogdoedvaldomagalhaes.com.br\/index.php\/wp-json\/wp\/v2\/posts"}],"about":[{"href":"https:\/\/blogdoedvaldomagalhaes.com.br\/index.php\/wp-json\/wp\/v2\/types\/post"}],"author":[{"embeddable":true,"href":"https:\/\/blogdoedvaldomagalhaes.com.br\/index.php\/wp-json\/wp\/v2\/users\/1"}],"replies":[{"embeddable":true,"href":"https:\/\/blogdoedvaldomagalhaes.com.br\/index.php\/wp-json\/wp\/v2\/comments?post=109732"}],"version-history":[{"count":2,"href":"https:\/\/blogdoedvaldomagalhaes.com.br\/index.php\/wp-json\/wp\/v2\/posts\/109732\/revisions"}],"predecessor-version":[{"id":109738,"href":"https:\/\/blogdoedvaldomagalhaes.com.br\/index.php\/wp-json\/wp\/v2\/posts\/109732\/revisions\/109738"}],"wp:featuredmedia":[{"embeddable":true,"href":"https:\/\/blogdoedvaldomagalhaes.com.br\/index.php\/wp-json\/wp\/v2\/media\/109733"}],"wp:attachment":[{"href":"https:\/\/blogdoedvaldomagalhaes.com.br\/index.php\/wp-json\/wp\/v2\/media?parent=109732"}],"wp:term":[{"taxonomy":"category","embeddable":true,"href":"https:\/\/blogdoedvaldomagalhaes.com.br\/index.php\/wp-json\/wp\/v2\/categories?post=109732"},{"taxonomy":"post_tag","embeddable":true,"href":"https:\/\/blogdoedvaldomagalhaes.com.br\/index.php\/wp-json\/wp\/v2\/tags?post=109732"}],"curies":[{"name":"wp","href":"https:\/\/api.w.org\/{rel}","templated":true}]}}