{"id":109726,"date":"2024-06-23T14:46:36","date_gmt":"2024-06-23T17:46:36","guid":{"rendered":"https:\/\/blogdoedvaldomagalhaes.com.br\/?p=109726"},"modified":"2024-06-23T14:50:14","modified_gmt":"2024-06-23T17:50:14","slug":"blitz-estreia-em-grande-estilo-no-polo-azulao","status":"publish","type":"post","link":"https:\/\/blogdoedvaldomagalhaes.com.br\/index.php\/2024\/06\/23\/blitz-estreia-em-grande-estilo-no-polo-azulao\/","title":{"rendered":"Blitz estreia em grande estilo no Polo Azul\u00e3o"},"content":{"rendered":"<p>Uma grande movimenta\u00e7\u00e3o de p\u00fablico foi registrada em diferentes polos de anima\u00e7\u00e3o do S\u00e3o Jo\u00e3o de Caruaru nesse s\u00e1bado (22). E, no Polo Azul\u00e3o, n\u00e3o foi diferente. O p\u00fablico chegou cedo para acompanhar os shows de Isabela Moraes, Sombra dos Anjos, Blitz e Funky Monks.<\/p>\n<p>Ao som da m\u00fasica \u2018A Capital do Forr\u00f3\u2019, lan\u00e7ada em 1980 pelo Trio Nordestino e s\u00edmbolo da rela\u00e7\u00e3o da cidade com a m\u00fasica, Isabela Moraes abriu o show, repleto de muito forr\u00f3 e com m\u00fasicas interpretadas por uma voz forte e marcante, valorizando suas ra\u00edzes e a terra que a inspira em muitas can\u00e7\u00f5es.<\/p>\n<p>\u201cUm show muito especial, com can\u00e7\u00f5es in\u00e9ditas, can\u00e7\u00f5es dos meus dois \u00faltimos \u00e1lbuns e algumas que estar\u00e3o no pr\u00f3ximo disco\u201d, detalhou Isabela sobre o repert\u00f3rio.<\/p>\n<p>Na sequ\u00eancia, Sombra dos Anjos levou muito rock and roll para o palco. No setlist, grandes sucessos da banda Legi\u00e3o Urbana. O show agradou bastante o p\u00fablico. Com direito a muitos aplausos, em diferentes momentos da apresenta\u00e7\u00e3o.<\/p>\n<p>Blitz, uma das atra\u00e7\u00f5es nacionais da programa\u00e7\u00e3o deste ano, estreou em grande estilo. Quando a banda carioca come\u00e7ou o show, o p\u00fablico j\u00e1 havia lotado o Polo Azul\u00e3o. E, a cada sucesso cantado por Evandro Mesquita, o p\u00fablico acompanhava cada refr\u00e3o.<\/p>\n<p>\u201cIsso \u00e9 sensacional. \u00c9 emocionante saber que os pais se emocionaram com o nosso show e agora os filhos tamb\u00e9m. \u00c9 muito bom descobrir p\u00fablicos em lugares diferentes no Brasil. E \u00e9 um prazer estar aqui [em Caruaru], pela primeira vez\u201d destacou Evandro Mesquita, sobre a apresenta\u00e7\u00e3o.<\/p>\n<p>E, para encerrar, a banda caruaruense Funky Monks. O grupo faz um tributo \u00e0 banda estadunidense Red Hot Chili Peppers. E aproveitou, ao cantar a m\u00fasica \u2018Under The Bridge\u2019 (que fala sobre solid\u00e3o e a vontade da amada o conduzir a um lugar melhor, \u00e0 sua companhia), para mobilizar o p\u00fablico a acender as lanternas dos celulares. O resultado: centenas de luzes acesas na plateia, conectando o p\u00fablico, os artistas e a m\u00fasica.<\/p>\n<p>DOMINGO &#8211;  Os shows no Polo Azul\u00e3o seguem neste domingo (23), a partir das 20h, com Cascabulho (participa\u00e7\u00e3o do Ballet Cia Marcos Mercury), Andr\u00e9 Rio e a Banda de P\u00edfanos de Caruaru (com um show comemorativo aos 100 anos de atividade). Foto: Jorge Farias<br \/>\nSeja seguidor do Instagram do Blog @blogdoedvaldomagalhaes<\/p>\n<p><img loading=\"lazy\" decoding=\"async\" src=\"https:\/\/blogdoedvaldomagalhaes.com.br\/wp-content\/uploads\/2024\/06\/img-20240620-wa02914234444550247649438.jpg\" class=\"wp-image-109730 alignnone size-full\" width=\"1284\" height=\"992\" srcset=\"https:\/\/blogdoedvaldomagalhaes.com.br\/wp-content\/uploads\/2024\/06\/img-20240620-wa02914234444550247649438.jpg 1284w, https:\/\/blogdoedvaldomagalhaes.com.br\/wp-content\/uploads\/2024\/06\/img-20240620-wa02914234444550247649438-300x232.jpg 300w, https:\/\/blogdoedvaldomagalhaes.com.br\/wp-content\/uploads\/2024\/06\/img-20240620-wa02914234444550247649438-1024x791.jpg 1024w, https:\/\/blogdoedvaldomagalhaes.com.br\/wp-content\/uploads\/2024\/06\/img-20240620-wa02914234444550247649438-768x593.jpg 768w\" sizes=\"auto, (max-width: 1284px) 100vw, 1284px\" \/><\/p>\n<p><img loading=\"lazy\" decoding=\"async\" src=\"https:\/\/blogdoedvaldomagalhaes.com.br\/wp-content\/uploads\/2024\/06\/img-20240611-wa00972088904702861979835.jpg\" class=\"wp-image-109729 alignnone size-full\" width=\"1080\" height=\"1080\" srcset=\"https:\/\/blogdoedvaldomagalhaes.com.br\/wp-content\/uploads\/2024\/06\/img-20240611-wa00972088904702861979835.jpg 1080w, https:\/\/blogdoedvaldomagalhaes.com.br\/wp-content\/uploads\/2024\/06\/img-20240611-wa00972088904702861979835-300x300.jpg 300w, https:\/\/blogdoedvaldomagalhaes.com.br\/wp-content\/uploads\/2024\/06\/img-20240611-wa00972088904702861979835-1024x1024.jpg 1024w, https:\/\/blogdoedvaldomagalhaes.com.br\/wp-content\/uploads\/2024\/06\/img-20240611-wa00972088904702861979835-150x150.jpg 150w, https:\/\/blogdoedvaldomagalhaes.com.br\/wp-content\/uploads\/2024\/06\/img-20240611-wa00972088904702861979835-768x768.jpg 768w\" sizes=\"auto, (max-width: 1080px) 100vw, 1080px\" \/><\/p>\n","protected":false},"excerpt":{"rendered":"<p>Uma grande movimenta\u00e7\u00e3o de p\u00fablico foi registrada em diferentes polos de anima\u00e7\u00e3o do S\u00e3o Jo\u00e3o de Caruaru nesse s\u00e1bado (22).&hellip;<\/p>\n","protected":false},"author":1,"featured_media":109727,"comment_status":"closed","ping_status":"open","sticky":false,"template":"","format":"standard","meta":{"footnotes":""},"categories":[14120],"tags":[30875,30592,28803,2,28801,6222],"class_list":["post-109726","post","type-post","status-publish","format-standard","has-post-thumbnail","hentry","category-noticias","tag-blitz-estreia-em-grande-estilo-no-polo-azulao","tag-blog-com-mais-seguidores","tag-blog-com-mais-visualizacoes","tag-blog-do-edvaldo-magalhaes","tag-blog-mais-acessado","tag-sao-joao-de-caruaru"],"_links":{"self":[{"href":"https:\/\/blogdoedvaldomagalhaes.com.br\/index.php\/wp-json\/wp\/v2\/posts\/109726","targetHints":{"allow":["GET"]}}],"collection":[{"href":"https:\/\/blogdoedvaldomagalhaes.com.br\/index.php\/wp-json\/wp\/v2\/posts"}],"about":[{"href":"https:\/\/blogdoedvaldomagalhaes.com.br\/index.php\/wp-json\/wp\/v2\/types\/post"}],"author":[{"embeddable":true,"href":"https:\/\/blogdoedvaldomagalhaes.com.br\/index.php\/wp-json\/wp\/v2\/users\/1"}],"replies":[{"embeddable":true,"href":"https:\/\/blogdoedvaldomagalhaes.com.br\/index.php\/wp-json\/wp\/v2\/comments?post=109726"}],"version-history":[{"count":2,"href":"https:\/\/blogdoedvaldomagalhaes.com.br\/index.php\/wp-json\/wp\/v2\/posts\/109726\/revisions"}],"predecessor-version":[{"id":109731,"href":"https:\/\/blogdoedvaldomagalhaes.com.br\/index.php\/wp-json\/wp\/v2\/posts\/109726\/revisions\/109731"}],"wp:featuredmedia":[{"embeddable":true,"href":"https:\/\/blogdoedvaldomagalhaes.com.br\/index.php\/wp-json\/wp\/v2\/media\/109727"}],"wp:attachment":[{"href":"https:\/\/blogdoedvaldomagalhaes.com.br\/index.php\/wp-json\/wp\/v2\/media?parent=109726"}],"wp:term":[{"taxonomy":"category","embeddable":true,"href":"https:\/\/blogdoedvaldomagalhaes.com.br\/index.php\/wp-json\/wp\/v2\/categories?post=109726"},{"taxonomy":"post_tag","embeddable":true,"href":"https:\/\/blogdoedvaldomagalhaes.com.br\/index.php\/wp-json\/wp\/v2\/tags?post=109726"}],"curies":[{"name":"wp","href":"https:\/\/api.w.org\/{rel}","templated":true}]}}