{"id":109719,"date":"2024-06-23T13:58:57","date_gmt":"2024-06-23T16:58:57","guid":{"rendered":"https:\/\/blogdoedvaldomagalhaes.com.br\/?p=109719"},"modified":"2024-06-23T14:00:45","modified_gmt":"2024-06-23T17:00:45","slug":"alto-do-moura-com-o-autentico-forro-e-grande-movimentacao-no-sao-joao","status":"publish","type":"post","link":"https:\/\/blogdoedvaldomagalhaes.com.br\/index.php\/2024\/06\/23\/alto-do-moura-com-o-autentico-forro-e-grande-movimentacao-no-sao-joao\/","title":{"rendered":"Alto do Moura com o aut\u00eantico forr\u00f3 e grande movimenta\u00e7\u00e3o no S\u00e3o Jo\u00e3o"},"content":{"rendered":"<p>Nesse s\u00e1bado (22), o arrasta-p\u00e9 come\u00e7ou cedo no Alto do Moura. A recep\u00e7\u00e3o dos forrozeiros ficou por conta do Expresso Forr\u00f3nejo, que, com 16 anos de trajet\u00f3ria, n\u00e3o decepcionou, recebendo o p\u00fablico com um repert\u00f3rio que passeou pelo forr\u00f3 e o sertanejo.<\/p>\n<p>Com m\u00fasica autoral \u201cAquele amor\u201d, o cantor caruaruense Renan Cruz iniciou sua apresenta\u00e7\u00e3o, sendo a segunda atra\u00e7\u00e3o a se apresentar no Polo Mestre Vitalino. Ele entregou ao p\u00fablico um show que viajou por ritmos diversos, como forr\u00f3, xote e bai\u00e3o. Os forrozeiros foram contagiados pela irrever\u00eancia do jovem cantor e, apesar da chuva, n\u00e3o arredaram o p\u00e9. \u201cEstou me apresentando pela segunda vez no Alto do Moura, lugar que respira cultura e tradi\u00e7\u00e3o. N\u00e3o tem como n\u00e3o sair daqui fortalecido pelas minhas ra\u00edzes\u201d, disse Renan.<\/p>\n<p>Em seguida, o comando ficou sob a responsabilidade da cantora paraense Silvana Salazar, que gerou na alta temperatura, envolvendo o p\u00fablico com sua alegria e viagem entre v\u00e1rios ritmos, n\u00e3o deixando de fora o carimb\u00f3.<\/p>\n<p>Coube ao cantor Alex J\u00fanior, dono do hit \u201cSexta-feira sua linda\u201d, que liderou as interpreta\u00e7\u00f5es na plataforma da rede social Tik Tok, encerrar a programa\u00e7\u00e3o do dia nos festejos do Maior Centro de Artes Figurativas da Am\u00e9rica Latina.<\/p>\n<p>Neste domingo (23), a partir do meio-dia, a festa continua com Sebastian Silva, Forr\u00f3 da Brucelose e Maciel Melo.<br \/>\nFoto: Jorge Farias\/Secom\/PMC<br \/>\nSeja seguidor do Instagram do Blog @blogdoedvaldomagalhaes<\/p>\n<p><img loading=\"lazy\" decoding=\"async\" src=\"https:\/\/blogdoedvaldomagalhaes.com.br\/wp-content\/uploads\/2024\/06\/img-20240620-wa02913907316399798987754.jpg\" class=\"wp-image-109723 alignnone size-full\" width=\"1284\" height=\"992\" srcset=\"https:\/\/blogdoedvaldomagalhaes.com.br\/wp-content\/uploads\/2024\/06\/img-20240620-wa02913907316399798987754.jpg 1284w, https:\/\/blogdoedvaldomagalhaes.com.br\/wp-content\/uploads\/2024\/06\/img-20240620-wa02913907316399798987754-300x232.jpg 300w, https:\/\/blogdoedvaldomagalhaes.com.br\/wp-content\/uploads\/2024\/06\/img-20240620-wa02913907316399798987754-1024x791.jpg 1024w, https:\/\/blogdoedvaldomagalhaes.com.br\/wp-content\/uploads\/2024\/06\/img-20240620-wa02913907316399798987754-768x593.jpg 768w\" sizes=\"auto, (max-width: 1284px) 100vw, 1284px\" \/><\/p>\n<p><img loading=\"lazy\" decoding=\"async\" src=\"https:\/\/blogdoedvaldomagalhaes.com.br\/wp-content\/uploads\/2024\/06\/img-20240530-wa00553629660450861971648.jpg\" class=\"wp-image-109724 alignnone size-full\" width=\"900\" height=\"1600\" srcset=\"https:\/\/blogdoedvaldomagalhaes.com.br\/wp-content\/uploads\/2024\/06\/img-20240530-wa00553629660450861971648.jpg 900w, https:\/\/blogdoedvaldomagalhaes.com.br\/wp-content\/uploads\/2024\/06\/img-20240530-wa00553629660450861971648-169x300.jpg 169w, https:\/\/blogdoedvaldomagalhaes.com.br\/wp-content\/uploads\/2024\/06\/img-20240530-wa00553629660450861971648-576x1024.jpg 576w, https:\/\/blogdoedvaldomagalhaes.com.br\/wp-content\/uploads\/2024\/06\/img-20240530-wa00553629660450861971648-768x1365.jpg 768w, https:\/\/blogdoedvaldomagalhaes.com.br\/wp-content\/uploads\/2024\/06\/img-20240530-wa00553629660450861971648-864x1536.jpg 864w\" sizes=\"auto, (max-width: 900px) 100vw, 900px\" \/><\/p>\n","protected":false},"excerpt":{"rendered":"<p>Nesse s\u00e1bado (22), o arrasta-p\u00e9 come\u00e7ou cedo no Alto do Moura. A recep\u00e7\u00e3o dos forrozeiros ficou por conta do Expresso&hellip;<\/p>\n","protected":false},"author":1,"featured_media":109721,"comment_status":"closed","ping_status":"open","sticky":false,"template":"","format":"standard","meta":{"footnotes":""},"categories":[14120],"tags":[30874,28803,27410,2,28801,6222],"class_list":["post-109719","post","type-post","status-publish","format-standard","has-post-thumbnail","hentry","category-noticias","tag-alto-do-moura-com-o-autentico-forro-e-grande-movimentacao-no-sao-joao","tag-blog-com-mais-visualizacoes","tag-blog-de-caruaru","tag-blog-do-edvaldo-magalhaes","tag-blog-mais-acessado","tag-sao-joao-de-caruaru"],"_links":{"self":[{"href":"https:\/\/blogdoedvaldomagalhaes.com.br\/index.php\/wp-json\/wp\/v2\/posts\/109719","targetHints":{"allow":["GET"]}}],"collection":[{"href":"https:\/\/blogdoedvaldomagalhaes.com.br\/index.php\/wp-json\/wp\/v2\/posts"}],"about":[{"href":"https:\/\/blogdoedvaldomagalhaes.com.br\/index.php\/wp-json\/wp\/v2\/types\/post"}],"author":[{"embeddable":true,"href":"https:\/\/blogdoedvaldomagalhaes.com.br\/index.php\/wp-json\/wp\/v2\/users\/1"}],"replies":[{"embeddable":true,"href":"https:\/\/blogdoedvaldomagalhaes.com.br\/index.php\/wp-json\/wp\/v2\/comments?post=109719"}],"version-history":[{"count":2,"href":"https:\/\/blogdoedvaldomagalhaes.com.br\/index.php\/wp-json\/wp\/v2\/posts\/109719\/revisions"}],"predecessor-version":[{"id":109725,"href":"https:\/\/blogdoedvaldomagalhaes.com.br\/index.php\/wp-json\/wp\/v2\/posts\/109719\/revisions\/109725"}],"wp:featuredmedia":[{"embeddable":true,"href":"https:\/\/blogdoedvaldomagalhaes.com.br\/index.php\/wp-json\/wp\/v2\/media\/109721"}],"wp:attachment":[{"href":"https:\/\/blogdoedvaldomagalhaes.com.br\/index.php\/wp-json\/wp\/v2\/media?parent=109719"}],"wp:term":[{"taxonomy":"category","embeddable":true,"href":"https:\/\/blogdoedvaldomagalhaes.com.br\/index.php\/wp-json\/wp\/v2\/categories?post=109719"},{"taxonomy":"post_tag","embeddable":true,"href":"https:\/\/blogdoedvaldomagalhaes.com.br\/index.php\/wp-json\/wp\/v2\/tags?post=109719"}],"curies":[{"name":"wp","href":"https:\/\/api.w.org\/{rel}","templated":true}]}}