{"id":109711,"date":"2024-06-23T13:44:38","date_gmt":"2024-06-23T16:44:38","guid":{"rendered":"https:\/\/blogdoedvaldomagalhaes.com.br\/?p=109711"},"modified":"2024-06-23T13:46:07","modified_gmt":"2024-06-23T16:46:07","slug":"patio-de-eventos-de-caruaru-teve-quase-160-mil-pessoas-circulantes","status":"publish","type":"post","link":"https:\/\/blogdoedvaldomagalhaes.com.br\/index.php\/2024\/06\/23\/patio-de-eventos-de-caruaru-teve-quase-160-mil-pessoas-circulantes\/","title":{"rendered":"P\u00e1tio de Eventos de Caruaru teve quase 160 mil pessoas circulantes"},"content":{"rendered":"<p>A edi\u00e7\u00e3o 2024 do Maior e Melhor S\u00e3o Jo\u00e3o do Mundo vem batendo sucessivos recordes de p\u00fablico no P\u00e1tio de Eventos Luiz Lua Gonzaga e este s\u00e1bado (22) foi mais um daqueles dias para ficar marcado na hist\u00f3ria de quem costuma frequentar o polo principal dos festejos juninos de Caruaru. J\u00e1 na contagem regressiva para celebrar o Santo mais lembrado da \u00e9poca pelo povo nordestino, o P\u00e1tio, simplesmente, foi tomado por um \u201cmar de pessoas\u201d, com quase 160 circulantes que cantaram, dan\u00e7aram, vibraram e at\u00e9 se emocionaram com os shows de Benil, Mateus e Kauan, Matu\u00ea e Luan Santana.<\/p>\n<p>Filho da Capital do Forr\u00f3, Benil foi quem abriu a s\u00e9rie de shows da noite. Durante a apresenta\u00e7\u00e3o do cantor, o forrozeiro Djalma Albuquerque destacou a import\u00e2ncia de se valorizar os artistas da terra. \u201cPode at\u00e9 soar repetitivo, mas no S\u00e3o Jo\u00e3o de Caruaru, tem forr\u00f3 em todo canto, s\u00f3 n\u00e3o dan\u00e7a quem n\u00e3o quer! E fico muito feliz de poder ver cantores caruaruenses fazendo shows no P\u00e1tio! Ali\u00e1s, eles est\u00e3o por toda parte, ou seja, na Casa Rosa, no Alto do Moura, no Azul\u00e3o, no Monte do Bom Jesus, animando a todos e sendo valorizados por quem ama o nosso forr\u00f3!\u201d, opinou.<\/p>\n<p>O P\u00e1tio de Eventos j\u00e1 estava em grande parte ocupado, quando os irm\u00e3os Mateus e Kauan deram in\u00edcio \u00e0 apresenta\u00e7\u00e3o repleta de hits de sua extensa carreira e ainda brindando o p\u00fablico, com v\u00e1rios sucessos de demais nomes da m\u00fasica sertaneja. A dupla j\u00e1 \u00e9 veterana no polo principal da festa e, mais uma vez, agradou bastante aos ouvidos dos milhares de pessoas presentes. \u201cToda vez que eles forem contratados, estarei por aqui no P\u00e1tio! Mateus e Kauan possuem uma conex\u00e3o muito grande com os f\u00e3s de Caruaru e sempre capricham, quando sobem neste palco\u201d, comentou a nutricionista M\u00e1rcia Rangel.<\/p>\n<p>Depois foi a vez do cantor e rapper Matu\u00ea fazer a sua estreia no S\u00e3o Jo\u00e3o urbano de Caruaru. Considerado um dos s\u00edmbolos do trap nacional, ele atraiu todas as aten\u00e7\u00f5es principalmente do p\u00fablico jovem, com os seus hits do g\u00eanero, que o levaram a ganhar a edi\u00e7\u00e3o 2023 do pr\u00eamio MTV Europa Music Awards, como o melhor artista brasileiro. \u201cO S\u00e3o Jo\u00e3o de Caruaru \u00e9 para todos os gostos e p\u00fablicos provando ainda mais que se trata do Maior e Melhor do Mundo!\u201d, comemorou a estudante de Jornalismo, Paula Silveira.<\/p>\n<p>Na sequ\u00eancia quem roubou a cena foram as \u2018Luanetes\u2019, que chegaram ao P\u00e1tio, muito antes dos port\u00f5es serem abertos, para conferirem \u00e0 nova apresenta\u00e7\u00e3o do \u00eddolo Luan Santana. \u201cVale todo o esfor\u00e7o necess\u00e1rio para v\u00ea-lo ao vivo e de pertinho! Mesmo com o frio cheguei ainda pela tarde para pegar o melhor local poss\u00edvel!\u201d, disse a Luanete, T\u00e2mara Vieira. E ela certamente n\u00e3o deve ter ficado decepcionada com o que assistiu, porque novamente o sertanejo entregou um verdadeiro show de repert\u00f3rio, som, luzes e figurino, em mais de uma hora de atua\u00e7\u00e3o.<\/p>\n<p>E a programa\u00e7\u00e3o no P\u00e1tio de Eventos Luiz Lua Gonzaga chega ao seu \u00e1pice, neste domingo (23), v\u00e9spera de S\u00e3o Jo\u00e3o, com os shows de Magn\u00edficos, Matheus Fernandes, Z\u00e9 Neto e Cristiano e Petr\u00facio Amorim.<br \/>\nFoto: Divulga\u00e7\u00e3o\/Secom\/PMC<br \/>\nSeja seguidor do Instagram do Blog @blogdoedvaldomagalhaes<\/p>\n<p><img loading=\"lazy\" decoding=\"async\" src=\"https:\/\/blogdoedvaldomagalhaes.com.br\/wp-content\/uploads\/2024\/06\/img-20240620-wa02913666520239077004101.jpg\" class=\"wp-image-109715 alignnone size-full\" width=\"1284\" height=\"992\" srcset=\"https:\/\/blogdoedvaldomagalhaes.com.br\/wp-content\/uploads\/2024\/06\/img-20240620-wa02913666520239077004101.jpg 1284w, https:\/\/blogdoedvaldomagalhaes.com.br\/wp-content\/uploads\/2024\/06\/img-20240620-wa02913666520239077004101-300x232.jpg 300w, https:\/\/blogdoedvaldomagalhaes.com.br\/wp-content\/uploads\/2024\/06\/img-20240620-wa02913666520239077004101-1024x791.jpg 1024w, https:\/\/blogdoedvaldomagalhaes.com.br\/wp-content\/uploads\/2024\/06\/img-20240620-wa02913666520239077004101-768x593.jpg 768w\" sizes=\"auto, (max-width: 1284px) 100vw, 1284px\" \/><\/p>\n<p><img loading=\"lazy\" decoding=\"async\" src=\"https:\/\/blogdoedvaldomagalhaes.com.br\/wp-content\/uploads\/2024\/06\/img-20240611-wa00967814048473798164403.jpg\" class=\"wp-image-109714 alignnone size-full\" width=\"1080\" height=\"1080\" srcset=\"https:\/\/blogdoedvaldomagalhaes.com.br\/wp-content\/uploads\/2024\/06\/img-20240611-wa00967814048473798164403.jpg 1080w, https:\/\/blogdoedvaldomagalhaes.com.br\/wp-content\/uploads\/2024\/06\/img-20240611-wa00967814048473798164403-300x300.jpg 300w, https:\/\/blogdoedvaldomagalhaes.com.br\/wp-content\/uploads\/2024\/06\/img-20240611-wa00967814048473798164403-1024x1024.jpg 1024w, https:\/\/blogdoedvaldomagalhaes.com.br\/wp-content\/uploads\/2024\/06\/img-20240611-wa00967814048473798164403-150x150.jpg 150w, https:\/\/blogdoedvaldomagalhaes.com.br\/wp-content\/uploads\/2024\/06\/img-20240611-wa00967814048473798164403-768x768.jpg 768w\" sizes=\"auto, (max-width: 1080px) 100vw, 1080px\" \/><\/p>\n","protected":false},"excerpt":{"rendered":"<p>A edi\u00e7\u00e3o 2024 do Maior e Melhor S\u00e3o Jo\u00e3o do Mundo vem batendo sucessivos recordes de p\u00fablico no P\u00e1tio de&hellip;<\/p>\n","protected":false},"author":1,"featured_media":109712,"comment_status":"closed","ping_status":"open","sticky":false,"template":"","format":"standard","meta":{"footnotes":""},"categories":[14120],"tags":[30592,27410,2,28801,30873,6222],"class_list":["post-109711","post","type-post","status-publish","format-standard","has-post-thumbnail","hentry","category-noticias","tag-blog-com-mais-seguidores","tag-blog-de-caruaru","tag-blog-do-edvaldo-magalhaes","tag-blog-mais-acessado","tag-patio-de-eventos-de-caruaru-teve-quase-160-mil-pessoas-circulantes","tag-sao-joao-de-caruaru"],"_links":{"self":[{"href":"https:\/\/blogdoedvaldomagalhaes.com.br\/index.php\/wp-json\/wp\/v2\/posts\/109711","targetHints":{"allow":["GET"]}}],"collection":[{"href":"https:\/\/blogdoedvaldomagalhaes.com.br\/index.php\/wp-json\/wp\/v2\/posts"}],"about":[{"href":"https:\/\/blogdoedvaldomagalhaes.com.br\/index.php\/wp-json\/wp\/v2\/types\/post"}],"author":[{"embeddable":true,"href":"https:\/\/blogdoedvaldomagalhaes.com.br\/index.php\/wp-json\/wp\/v2\/users\/1"}],"replies":[{"embeddable":true,"href":"https:\/\/blogdoedvaldomagalhaes.com.br\/index.php\/wp-json\/wp\/v2\/comments?post=109711"}],"version-history":[{"count":2,"href":"https:\/\/blogdoedvaldomagalhaes.com.br\/index.php\/wp-json\/wp\/v2\/posts\/109711\/revisions"}],"predecessor-version":[{"id":109716,"href":"https:\/\/blogdoedvaldomagalhaes.com.br\/index.php\/wp-json\/wp\/v2\/posts\/109711\/revisions\/109716"}],"wp:featuredmedia":[{"embeddable":true,"href":"https:\/\/blogdoedvaldomagalhaes.com.br\/index.php\/wp-json\/wp\/v2\/media\/109712"}],"wp:attachment":[{"href":"https:\/\/blogdoedvaldomagalhaes.com.br\/index.php\/wp-json\/wp\/v2\/media?parent=109711"}],"wp:term":[{"taxonomy":"category","embeddable":true,"href":"https:\/\/blogdoedvaldomagalhaes.com.br\/index.php\/wp-json\/wp\/v2\/categories?post=109711"},{"taxonomy":"post_tag","embeddable":true,"href":"https:\/\/blogdoedvaldomagalhaes.com.br\/index.php\/wp-json\/wp\/v2\/tags?post=109711"}],"curies":[{"name":"wp","href":"https:\/\/api.w.org\/{rel}","templated":true}]}}