{"id":109706,"date":"2024-06-23T13:33:24","date_gmt":"2024-06-23T16:33:24","guid":{"rendered":"https:\/\/blogdoedvaldomagalhaes.com.br\/?p=109706"},"modified":"2024-06-23T13:46:40","modified_gmt":"2024-06-23T16:46:40","slug":"penultimo-final-de-semana-do-sao-joao-de-caruaru-e-marcado-por-festival-de-quadrilhas","status":"publish","type":"post","link":"https:\/\/blogdoedvaldomagalhaes.com.br\/index.php\/2024\/06\/23\/penultimo-final-de-semana-do-sao-joao-de-caruaru-e-marcado-por-festival-de-quadrilhas\/","title":{"rendered":"Pen\u00faltimo final de semana do S\u00e3o Jo\u00e3o de Caruaru \u00e9 marcado por Festival de Quadrilhas"},"content":{"rendered":"<p>O pen\u00faltimo final de semana do S\u00e3o Jo\u00e3o de Caruaru trouxe mais uma noite inesquec\u00edvel para os amantes da cultura nordestina, com o destaque para o tradicional Festival de Quadrilhas Estilizadas, realizado no Polo das Quadrilhas, localizado na Pra\u00e7a da Crian\u00e7a. O evento reuniu diversos espectadores para assistir as apresenta\u00e7\u00f5es cheias de cor, m\u00fasica e criatividade.<\/p>\n<p>No s\u00e1bado (22), o Polo das Quadrilhas se transformou em um verdadeiro espet\u00e1culo junino, com a participa\u00e7\u00e3o de diversas quadrilhas que competiram no festival, que acontece todos os s\u00e1bados, das 20h at\u00e9 a meia-noite, at\u00e9 o dia 29 de junho, quando ser\u00e1 realizada a grande final.<\/p>\n<p>Entre as quadrilhas que se apresentaram, destacam-se: Quadrilha Junina Mandacaru; Junina Unidos da Ro\u00e7a; Quadrilha Tradu\u00e7\u00e3o Junina; Quadrilha Junina Pisadeira; Quadrilha Junina Ticomia; Quadrilha Junina Matuta.<\/p>\n<p>Cada grupo trouxe ao palco uma performance \u00fanica, repleta de figurinos elaborados, coreografias complexas e muita anima\u00e7\u00e3o, encantando o p\u00fablico com suas hist\u00f3rias e tradi\u00e7\u00f5es. O Festival de Quadrilhas Estilizadas de Caruaru \u00e9 conhecido por elevar a arte das quadrilhas juninas a um novo patamar, com apresenta\u00e7\u00f5es que mesclam o tradicional e o moderno, sempre valorizando a cultura nordestina.<\/p>\n<p>O evento n\u00e3o s\u00f3 celebra a rica heran\u00e7a cultural da regi\u00e3o, mas tamb\u00e9m promove a uni\u00e3o e a alegria entre os participantes e espectadores. O Polo das Quadrilhas, sem d\u00favidas, \u00e9 um ponto de encontro imperd\u00edvel para quem deseja vivenciar o verdadeiro esp\u00edrito do S\u00e3o Jo\u00e3o de Caruaru.<br \/>\nFoto: Felipe Correia\/Secom\/PMC<br \/>\nSeja seguidor do Instagram do Blog @blogdoedvaldomagalhaes<\/p>\n<p><img loading=\"lazy\" decoding=\"async\" src=\"https:\/\/blogdoedvaldomagalhaes.com.br\/wp-content\/uploads\/2024\/06\/img-20240620-wa02914420737068793101425.jpg\" class=\"wp-image-109717 alignnone size-full\" width=\"1284\" height=\"992\" srcset=\"https:\/\/blogdoedvaldomagalhaes.com.br\/wp-content\/uploads\/2024\/06\/img-20240620-wa02914420737068793101425.jpg 1284w, https:\/\/blogdoedvaldomagalhaes.com.br\/wp-content\/uploads\/2024\/06\/img-20240620-wa02914420737068793101425-300x232.jpg 300w, https:\/\/blogdoedvaldomagalhaes.com.br\/wp-content\/uploads\/2024\/06\/img-20240620-wa02914420737068793101425-1024x791.jpg 1024w, https:\/\/blogdoedvaldomagalhaes.com.br\/wp-content\/uploads\/2024\/06\/img-20240620-wa02914420737068793101425-768x593.jpg 768w\" sizes=\"auto, (max-width: 1284px) 100vw, 1284px\" \/><img loading=\"lazy\" decoding=\"async\" class=\"alignnone size-full wp-image-109709\" src=\"https:\/\/blogdoedvaldomagalhaes.com.br\/wp-content\/uploads\/2024\/06\/img-20240611-wa00974567998847660811126.jpg\" width=\"1080\" height=\"1080\" srcset=\"https:\/\/blogdoedvaldomagalhaes.com.br\/wp-content\/uploads\/2024\/06\/img-20240611-wa00974567998847660811126.jpg 1080w, https:\/\/blogdoedvaldomagalhaes.com.br\/wp-content\/uploads\/2024\/06\/img-20240611-wa00974567998847660811126-300x300.jpg 300w, https:\/\/blogdoedvaldomagalhaes.com.br\/wp-content\/uploads\/2024\/06\/img-20240611-wa00974567998847660811126-1024x1024.jpg 1024w, https:\/\/blogdoedvaldomagalhaes.com.br\/wp-content\/uploads\/2024\/06\/img-20240611-wa00974567998847660811126-150x150.jpg 150w, https:\/\/blogdoedvaldomagalhaes.com.br\/wp-content\/uploads\/2024\/06\/img-20240611-wa00974567998847660811126-768x768.jpg 768w\" sizes=\"auto, (max-width: 1080px) 100vw, 1080px\" \/><\/p>\n","protected":false},"excerpt":{"rendered":"<p>O pen\u00faltimo final de semana do S\u00e3o Jo\u00e3o de Caruaru trouxe mais uma noite inesquec\u00edvel para os amantes da cultura&hellip;<\/p>\n","protected":false},"author":1,"featured_media":109707,"comment_status":"closed","ping_status":"open","sticky":false,"template":"","format":"standard","meta":{"footnotes":""},"categories":[14120],"tags":[28803,27410,2,28801,30872,6222],"class_list":["post-109706","post","type-post","status-publish","format-standard","has-post-thumbnail","hentry","category-noticias","tag-blog-com-mais-visualizacoes","tag-blog-de-caruaru","tag-blog-do-edvaldo-magalhaes","tag-blog-mais-acessado","tag-penultimo-final-de-semana-do-sao-joao-de-caruaru-e-marcado-por-festival-de-quadrilhas","tag-sao-joao-de-caruaru"],"_links":{"self":[{"href":"https:\/\/blogdoedvaldomagalhaes.com.br\/index.php\/wp-json\/wp\/v2\/posts\/109706","targetHints":{"allow":["GET"]}}],"collection":[{"href":"https:\/\/blogdoedvaldomagalhaes.com.br\/index.php\/wp-json\/wp\/v2\/posts"}],"about":[{"href":"https:\/\/blogdoedvaldomagalhaes.com.br\/index.php\/wp-json\/wp\/v2\/types\/post"}],"author":[{"embeddable":true,"href":"https:\/\/blogdoedvaldomagalhaes.com.br\/index.php\/wp-json\/wp\/v2\/users\/1"}],"replies":[{"embeddable":true,"href":"https:\/\/blogdoedvaldomagalhaes.com.br\/index.php\/wp-json\/wp\/v2\/comments?post=109706"}],"version-history":[{"count":3,"href":"https:\/\/blogdoedvaldomagalhaes.com.br\/index.php\/wp-json\/wp\/v2\/posts\/109706\/revisions"}],"predecessor-version":[{"id":109718,"href":"https:\/\/blogdoedvaldomagalhaes.com.br\/index.php\/wp-json\/wp\/v2\/posts\/109706\/revisions\/109718"}],"wp:featuredmedia":[{"embeddable":true,"href":"https:\/\/blogdoedvaldomagalhaes.com.br\/index.php\/wp-json\/wp\/v2\/media\/109707"}],"wp:attachment":[{"href":"https:\/\/blogdoedvaldomagalhaes.com.br\/index.php\/wp-json\/wp\/v2\/media?parent=109706"}],"wp:term":[{"taxonomy":"category","embeddable":true,"href":"https:\/\/blogdoedvaldomagalhaes.com.br\/index.php\/wp-json\/wp\/v2\/categories?post=109706"},{"taxonomy":"post_tag","embeddable":true,"href":"https:\/\/blogdoedvaldomagalhaes.com.br\/index.php\/wp-json\/wp\/v2\/tags?post=109706"}],"curies":[{"name":"wp","href":"https:\/\/api.w.org\/{rel}","templated":true}]}}