{"id":109703,"date":"2024-06-23T13:24:41","date_gmt":"2024-06-23T16:24:41","guid":{"rendered":"https:\/\/blogdoedvaldomagalhaes.com.br\/?p=109703"},"modified":"2024-06-23T15:30:02","modified_gmt":"2024-06-23T18:30:02","slug":"mulher-e-resgatada-de-helicoptero-apos-cair-de-moto-na-br-232","status":"publish","type":"post","link":"https:\/\/blogdoedvaldomagalhaes.com.br\/index.php\/2024\/06\/23\/mulher-e-resgatada-de-helicoptero-apos-cair-de-moto-na-br-232\/","title":{"rendered":"Mulher \u00e9 resgatada de helic\u00f3ptero ap\u00f3s cair de moto na BR 232"},"content":{"rendered":"<p>Uma passageira de uma motocicleta foi resgatada  de helic\u00f3ptero, neste s\u00e1bado (22), ap\u00f3s cair do ve\u00edculo na BR 232, em Gravat\u00e1, no Agreste. O resgate foi realizado em uma a\u00e7\u00e3o conjunta da PRF e SAMU.<\/p>\n<p>Por volta das 14h, o condutor de uma motocicleta perdeu o controle do ve\u00edculo e tombou no Km 89 da BR 232, em Gravat\u00e1. A passageira ficou ferida em estado grave e a equipe aerom\u00e9dica foi acionada para realizar o resgate.<\/p>\n<p>Ap\u00f3s receber o atendimento pr\u00e9-hospitalar, a mulher foi encaminhada ao Campo do Derby de helic\u00f3ptero. De l\u00e1,  seguiu de ambul\u00e2ncia at\u00e9 o Hospital da Restaura\u00e7\u00e3o no Recife.<br \/>\nFoto: Divulga\u00e7\u00e3o\/PRF<br \/>\nSeja seguidor do Instagram do Blog @blogdoedvaldomagslhaes<\/p>\n","protected":false},"excerpt":{"rendered":"<p>Uma passageira de uma motocicleta foi resgatada de helic\u00f3ptero, neste s\u00e1bado (22), ap\u00f3s cair do ve\u00edculo na BR 232, em&hellip;<\/p>\n","protected":false},"author":1,"featured_media":109704,"comment_status":"closed","ping_status":"open","sticky":false,"template":"","format":"standard","meta":{"footnotes":""},"categories":[14121],"tags":[14276,28803,27410,2,28801,18654,30871],"class_list":["post-109703","post","type-post","status-publish","format-standard","has-post-thumbnail","hentry","category-policial","tag-acidente","tag-blog-com-mais-visualizacoes","tag-blog-de-caruaru","tag-blog-do-edvaldo-magalhaes","tag-blog-mais-acessado","tag-br-232-2","tag-mulher-e-resgatada-de-helicoptero-apos-cair-de-moto-em-gravata"],"_links":{"self":[{"href":"https:\/\/blogdoedvaldomagalhaes.com.br\/index.php\/wp-json\/wp\/v2\/posts\/109703","targetHints":{"allow":["GET"]}}],"collection":[{"href":"https:\/\/blogdoedvaldomagalhaes.com.br\/index.php\/wp-json\/wp\/v2\/posts"}],"about":[{"href":"https:\/\/blogdoedvaldomagalhaes.com.br\/index.php\/wp-json\/wp\/v2\/types\/post"}],"author":[{"embeddable":true,"href":"https:\/\/blogdoedvaldomagalhaes.com.br\/index.php\/wp-json\/wp\/v2\/users\/1"}],"replies":[{"embeddable":true,"href":"https:\/\/blogdoedvaldomagalhaes.com.br\/index.php\/wp-json\/wp\/v2\/comments?post=109703"}],"version-history":[{"count":1,"href":"https:\/\/blogdoedvaldomagalhaes.com.br\/index.php\/wp-json\/wp\/v2\/posts\/109703\/revisions"}],"predecessor-version":[{"id":109705,"href":"https:\/\/blogdoedvaldomagalhaes.com.br\/index.php\/wp-json\/wp\/v2\/posts\/109703\/revisions\/109705"}],"wp:featuredmedia":[{"embeddable":true,"href":"https:\/\/blogdoedvaldomagalhaes.com.br\/index.php\/wp-json\/wp\/v2\/media\/109704"}],"wp:attachment":[{"href":"https:\/\/blogdoedvaldomagalhaes.com.br\/index.php\/wp-json\/wp\/v2\/media?parent=109703"}],"wp:term":[{"taxonomy":"category","embeddable":true,"href":"https:\/\/blogdoedvaldomagalhaes.com.br\/index.php\/wp-json\/wp\/v2\/categories?post=109703"},{"taxonomy":"post_tag","embeddable":true,"href":"https:\/\/blogdoedvaldomagalhaes.com.br\/index.php\/wp-json\/wp\/v2\/tags?post=109703"}],"curies":[{"name":"wp","href":"https:\/\/api.w.org\/{rel}","templated":true}]}}