{"id":109692,"date":"2024-06-22T12:07:33","date_gmt":"2024-06-22T15:07:33","guid":{"rendered":"https:\/\/blogdoedvaldomagalhaes.com.br\/?p=109692"},"modified":"2024-06-22T20:13:02","modified_gmt":"2024-06-22T23:13:02","slug":"polo-no-monte-bom-jesus-tem-diversidade-de-ritmos-neste-fim-de-semana-prolongado-de-sao-joao","status":"publish","type":"post","link":"https:\/\/blogdoedvaldomagalhaes.com.br\/index.php\/2024\/06\/22\/polo-no-monte-bom-jesus-tem-diversidade-de-ritmos-neste-fim-de-semana-prolongado-de-sao-joao\/","title":{"rendered":"Polo no Monte Bom Jesus tem diversidade de ritmos neste fim de semana prolongado de S\u00e3o Jo\u00e3o"},"content":{"rendered":"<p>O Polo Instrumental Maestro Rildo Hora tem a vista mais bonita da cidade: a do Monte Bom Jesus. L\u00e1 tamb\u00e9m \u00e9 o palco preferido dos que amam a boa m\u00fasica, seja ela l\u00edrica, nordestina de raiz, um bom rock\u2019n roll ou outros in\u00fameros ritmos. A programa\u00e7\u00e3o do fim de semana mais badalado do m\u00eas de junho, ter\u00e1 in\u00edcio neste s\u00e1bado (22).<\/p>\n<p>Al\u00e9m das atra\u00e7\u00f5es musicais, da linda Igreja de Santa Luzia e da vista privilegiada, o visitante encontra barracas de tapiocas, parque infantil, mirantes, Centro de Atendimento ao Turista, banheiros e estacionamento.<\/p>\n<p>Transporte<br \/>\nA Prefeitura de Caruaru disponibiliza transporte para a subida ao Monte Bom Jesus, onde est\u00e1 localizado o Polo de M\u00fasica Instrumental Maestro Rildo Hora. A van faz o trajeto da rua Sergipe, no bairro Centen\u00e1rio, que d\u00e1 acesso \u00e0 subida de ve\u00edculos, a partir das 16h. A descida tamb\u00e9m est\u00e1 garantida.<\/p>\n<p>Programa\u00e7\u00e3o<\/p>\n<p>S\u00e1bado (22)<br \/>\nO violonista Marcos Sales Ferraz ser\u00e1 o primeiro a se apresentar no Polo Instrumental Maestro Rildo Hora, a partir das 16h. Em seguida, vai rolar um bom hard rock, com a banda caruaruense Dreameld, que deve subir ao palco \u00e0s 17h40. A suave banda recifense Cantos e Cordas iniciar\u00e1 seu show \u00e0s 19h40.<\/p>\n<p>Domingo (23)<br \/>\nA v\u00e9spera de S\u00e3o Jo\u00e3o deve come\u00e7ar com um bom arrasta-p\u00e9 e a partir das 16h, \u00e9 o que Sivaldo Kembell e a banda \u201cS\u00f3 N\u00e3o Toca Quem N\u00e3o Quer\u201d v\u00e3o fazer: tocar muito forr\u00f3 do bom. \u00c0s 17h40 ser\u00e1 a vez da M\u00fasica Popular Pernambucana da banda V\u00edmana agitar o Monte Bom Jesus, com rock e mangue beat. Para encerrar a noite o Grupo Cord\u00e9is e Cordas, que subir\u00e1 ao palco Maestro Rildo Hoira por volta das 19h40.<\/p>\n<p>Segunda (24)<br \/>\nO Dia de S\u00e3o Jo\u00e3o ser\u00e1 de muito batuque e rhythm and blues. O m\u00fasico percussionista Petr\u00facio Cruz e o Som de Preto abrir\u00e3o a parte musical do Polo Instrumental Maestro Rildo Hora , \u00e0s 16h. Logo ap\u00f3s, \u00e0s 19h40 ser\u00e1 a vez o Sexteto Caruaru encantar o p\u00fablico do Monte Bom Jesus. O fant\u00e1stico guitarrista caruaruense Joanatan Richard far\u00e1 um tributo ao blues, a partir das 19h40.<br \/>\nFoto: Jorge Farias\/Elvis Edson<br \/>\nSeja seguidor do Instagram do Blog @blogdoedvaldomagalhaes<\/p>\n<p><img loading=\"lazy\" decoding=\"async\" src=\"https:\/\/blogdoedvaldomagalhaes.com.br\/wp-content\/uploads\/2024\/06\/img-20240620-wa02914835925967560017926.jpg\" class=\"wp-image-109697 alignnone size-full\" width=\"1284\" height=\"992\" srcset=\"https:\/\/blogdoedvaldomagalhaes.com.br\/wp-content\/uploads\/2024\/06\/img-20240620-wa02914835925967560017926.jpg 1284w, https:\/\/blogdoedvaldomagalhaes.com.br\/wp-content\/uploads\/2024\/06\/img-20240620-wa02914835925967560017926-300x232.jpg 300w, https:\/\/blogdoedvaldomagalhaes.com.br\/wp-content\/uploads\/2024\/06\/img-20240620-wa02914835925967560017926-1024x791.jpg 1024w, https:\/\/blogdoedvaldomagalhaes.com.br\/wp-content\/uploads\/2024\/06\/img-20240620-wa02914835925967560017926-768x593.jpg 768w\" sizes=\"auto, (max-width: 1284px) 100vw, 1284px\" \/><\/p>\n<p><img loading=\"lazy\" decoding=\"async\" class=\"wp-image-109695 alignnone size-full\" src=\"https:\/\/blogdoedvaldomagalhaes.com.br\/wp-content\/uploads\/2024\/06\/img-20240611-wa0097405759217326353156.jpg\" width=\"1080\" height=\"1080\" srcset=\"https:\/\/blogdoedvaldomagalhaes.com.br\/wp-content\/uploads\/2024\/06\/img-20240611-wa0097405759217326353156.jpg 1080w, https:\/\/blogdoedvaldomagalhaes.com.br\/wp-content\/uploads\/2024\/06\/img-20240611-wa0097405759217326353156-300x300.jpg 300w, https:\/\/blogdoedvaldomagalhaes.com.br\/wp-content\/uploads\/2024\/06\/img-20240611-wa0097405759217326353156-1024x1024.jpg 1024w, https:\/\/blogdoedvaldomagalhaes.com.br\/wp-content\/uploads\/2024\/06\/img-20240611-wa0097405759217326353156-150x150.jpg 150w, https:\/\/blogdoedvaldomagalhaes.com.br\/wp-content\/uploads\/2024\/06\/img-20240611-wa0097405759217326353156-768x768.jpg 768w\" sizes=\"auto, (max-width: 1080px) 100vw, 1080px\" \/><\/p>\n","protected":false},"excerpt":{"rendered":"<p>O Polo Instrumental Maestro Rildo Hora tem a vista mais bonita da cidade: a do Monte Bom Jesus. L\u00e1 tamb\u00e9m&hellip;<\/p>\n","protected":false},"author":1,"featured_media":109693,"comment_status":"closed","ping_status":"open","sticky":false,"template":"","format":"standard","meta":{"footnotes":""},"categories":[14120],"tags":[27410,2,28801,19430,30869,6222],"class_list":["post-109692","post","type-post","status-publish","format-standard","has-post-thumbnail","hentry","category-noticias","tag-blog-de-caruaru","tag-blog-do-edvaldo-magalhaes","tag-blog-mais-acessado","tag-blog-mais-acessado-de-caruaru","tag-polo-instrumental-maestro-rildo-hora-tera-diversidade-de-ritmos-no-monte-bom-jesus-neste-fim-de-semana-prolongado-de-sao-joao","tag-sao-joao-de-caruaru"],"_links":{"self":[{"href":"https:\/\/blogdoedvaldomagalhaes.com.br\/index.php\/wp-json\/wp\/v2\/posts\/109692","targetHints":{"allow":["GET"]}}],"collection":[{"href":"https:\/\/blogdoedvaldomagalhaes.com.br\/index.php\/wp-json\/wp\/v2\/posts"}],"about":[{"href":"https:\/\/blogdoedvaldomagalhaes.com.br\/index.php\/wp-json\/wp\/v2\/types\/post"}],"author":[{"embeddable":true,"href":"https:\/\/blogdoedvaldomagalhaes.com.br\/index.php\/wp-json\/wp\/v2\/users\/1"}],"replies":[{"embeddable":true,"href":"https:\/\/blogdoedvaldomagalhaes.com.br\/index.php\/wp-json\/wp\/v2\/comments?post=109692"}],"version-history":[{"count":3,"href":"https:\/\/blogdoedvaldomagalhaes.com.br\/index.php\/wp-json\/wp\/v2\/posts\/109692\/revisions"}],"predecessor-version":[{"id":109701,"href":"https:\/\/blogdoedvaldomagalhaes.com.br\/index.php\/wp-json\/wp\/v2\/posts\/109692\/revisions\/109701"}],"wp:featuredmedia":[{"embeddable":true,"href":"https:\/\/blogdoedvaldomagalhaes.com.br\/index.php\/wp-json\/wp\/v2\/media\/109693"}],"wp:attachment":[{"href":"https:\/\/blogdoedvaldomagalhaes.com.br\/index.php\/wp-json\/wp\/v2\/media?parent=109692"}],"wp:term":[{"taxonomy":"category","embeddable":true,"href":"https:\/\/blogdoedvaldomagalhaes.com.br\/index.php\/wp-json\/wp\/v2\/categories?post=109692"},{"taxonomy":"post_tag","embeddable":true,"href":"https:\/\/blogdoedvaldomagalhaes.com.br\/index.php\/wp-json\/wp\/v2\/tags?post=109692"}],"curies":[{"name":"wp","href":"https:\/\/api.w.org\/{rel}","templated":true}]}}