{"id":109689,"date":"2024-06-22T11:00:45","date_gmt":"2024-06-22T14:00:45","guid":{"rendered":"https:\/\/blogdoedvaldomagalhaes.com.br\/?p=109689"},"modified":"2024-06-22T11:00:46","modified_gmt":"2024-06-22T14:00:46","slug":"homem-morre-atropelado-e-motorista-foge","status":"publish","type":"post","link":"https:\/\/blogdoedvaldomagalhaes.com.br\/index.php\/2024\/06\/22\/homem-morre-atropelado-e-motorista-foge\/","title":{"rendered":"Homem morre atropelado e motorista foge"},"content":{"rendered":"<p>Por volta das 2h20 da madrugada, deste s\u00e1bado (22.06), a PRF foi acionada para atender um atropelamento no km 26 da BR 316, em Araripina.<\/p>\n<p>Ao chegar no local, encontrou o corpo de um homem, que foi atropelado por um ve\u00edculo n\u00e3o identificado. A suspeita \u00e9 que o pedestre andava sobre a pista.<\/p>\n<p>O pedestre n\u00e3o portava documentos e n\u00e3o foi identificado.<\/p>\n<p>Al\u00e9m da PRF, o Corpo de Bombeiros, a PM e o IC estiveram no local. A Pol\u00edcia Civil vai investigar o caso.<\/p>\n","protected":false},"excerpt":{"rendered":"<p>Por volta das 2h20 da madrugada, deste s\u00e1bado (22.06), a PRF foi acionada para atender um atropelamento no km 26&hellip;<\/p>\n","protected":false},"author":1,"featured_media":109690,"comment_status":"closed","ping_status":"open","sticky":false,"template":"","format":"standard","meta":{"footnotes":""},"categories":[14121],"tags":[14276,28803,27410,2,28801,30868],"class_list":["post-109689","post","type-post","status-publish","format-standard","has-post-thumbnail","hentry","category-policial","tag-acidente","tag-blog-com-mais-visualizacoes","tag-blog-de-caruaru","tag-blog-do-edvaldo-magalhaes","tag-blog-mais-acessado","tag-homem-morre-atropelado-e-motorista-foge"],"_links":{"self":[{"href":"https:\/\/blogdoedvaldomagalhaes.com.br\/index.php\/wp-json\/wp\/v2\/posts\/109689","targetHints":{"allow":["GET"]}}],"collection":[{"href":"https:\/\/blogdoedvaldomagalhaes.com.br\/index.php\/wp-json\/wp\/v2\/posts"}],"about":[{"href":"https:\/\/blogdoedvaldomagalhaes.com.br\/index.php\/wp-json\/wp\/v2\/types\/post"}],"author":[{"embeddable":true,"href":"https:\/\/blogdoedvaldomagalhaes.com.br\/index.php\/wp-json\/wp\/v2\/users\/1"}],"replies":[{"embeddable":true,"href":"https:\/\/blogdoedvaldomagalhaes.com.br\/index.php\/wp-json\/wp\/v2\/comments?post=109689"}],"version-history":[{"count":1,"href":"https:\/\/blogdoedvaldomagalhaes.com.br\/index.php\/wp-json\/wp\/v2\/posts\/109689\/revisions"}],"predecessor-version":[{"id":109691,"href":"https:\/\/blogdoedvaldomagalhaes.com.br\/index.php\/wp-json\/wp\/v2\/posts\/109689\/revisions\/109691"}],"wp:featuredmedia":[{"embeddable":true,"href":"https:\/\/blogdoedvaldomagalhaes.com.br\/index.php\/wp-json\/wp\/v2\/media\/109690"}],"wp:attachment":[{"href":"https:\/\/blogdoedvaldomagalhaes.com.br\/index.php\/wp-json\/wp\/v2\/media?parent=109689"}],"wp:term":[{"taxonomy":"category","embeddable":true,"href":"https:\/\/blogdoedvaldomagalhaes.com.br\/index.php\/wp-json\/wp\/v2\/categories?post=109689"},{"taxonomy":"post_tag","embeddable":true,"href":"https:\/\/blogdoedvaldomagalhaes.com.br\/index.php\/wp-json\/wp\/v2\/tags?post=109689"}],"curies":[{"name":"wp","href":"https:\/\/api.w.org\/{rel}","templated":true}]}}