{"id":109686,"date":"2024-06-22T10:54:21","date_gmt":"2024-06-22T13:54:21","guid":{"rendered":"https:\/\/blogdoedvaldomagalhaes.com.br\/?p=109686"},"modified":"2024-06-22T10:54:22","modified_gmt":"2024-06-22T13:54:22","slug":"motorista-sob-efeito-de-droga-e-preso-com-cocaina-haxixe-e-maconha-em-caruaru","status":"publish","type":"post","link":"https:\/\/blogdoedvaldomagalhaes.com.br\/index.php\/2024\/06\/22\/motorista-sob-efeito-de-droga-e-preso-com-cocaina-haxixe-e-maconha-em-caruaru\/","title":{"rendered":"Motorista sob efeito de droga \u00e9 preso com coca\u00edna, haxixe e maconha, em Caruaru"},"content":{"rendered":"<p>Um homem que portava por\u00e7\u00f5es de coca\u00edna, haxixe e maconha sint\u00e9tica foi detido, na noite de sexta-feira (21), pela Pol\u00edcia Rodovi\u00e1ria Federal (PRF), na BR 104, em Caruaru, no Agreste pernambucano. As drogas estavam escondidas no interior de  um carro e dentro do painel do ve\u00edculo.<\/p>\n<p>Durante a abordagem a um Prisma com placas do Mercosul, a equipe sentiu um odor t\u00edpico de maconha no interior do carro. Aos policiais,  o motorista admitiu que havia fumado um cigarro de maconha durante a condu\u00e7\u00e3o do ve\u00edculo.<\/p>\n<p>Ao realizar uma verifica\u00e7\u00e3o no interior do carro, a equipe encontrou outros cigarros de maconha, papel de seda e um cachimbo, al\u00e9m de tr\u00eas papelotes de coca\u00edna. Ap\u00f3s uma busca mais detalhada, os policiais localizaram dentro de uma meia, escondida por tr\u00e1s do painel do ve\u00edculo,  sete papelotes de haxixe e dez papelotes de maconha sint\u00e9tica com cores variadas.<\/p>\n<p>Diante do flagrante, o motorista confirmou que fazia a entrega das subst\u00e2ncias. Ele foi encaminhado junto com o material apreendido \u00e0 Delegacia de Pol\u00edcia Civil de Caruaru e poder\u00e1 responder por tr\u00e1fico de drogas. Foto: Divulga\u00e7\u00e3o\/PRF<br \/>\nSeja seguidor do Instagram do Blog @blogdoedvaldomagalhaes<\/p>\n","protected":false},"excerpt":{"rendered":"<p>Um homem que portava por\u00e7\u00f5es de coca\u00edna, haxixe e maconha sint\u00e9tica foi detido, na noite de sexta-feira (21), pela Pol\u00edcia&hellip;<\/p>\n","protected":false},"author":1,"featured_media":109687,"comment_status":"closed","ping_status":"open","sticky":false,"template":"","format":"standard","meta":{"footnotes":""},"categories":[14121],"tags":[30592,28803,2,28801,3406,30867],"class_list":["post-109686","post","type-post","status-publish","format-standard","has-post-thumbnail","hentry","category-policial","tag-blog-com-mais-seguidores","tag-blog-com-mais-visualizacoes","tag-blog-do-edvaldo-magalhaes","tag-blog-mais-acessado","tag-caruaru","tag-motorista-sob-efeito-de-droga-e-preso-com-cocaina-haxixe-e-maconha-em-caruaru"],"_links":{"self":[{"href":"https:\/\/blogdoedvaldomagalhaes.com.br\/index.php\/wp-json\/wp\/v2\/posts\/109686","targetHints":{"allow":["GET"]}}],"collection":[{"href":"https:\/\/blogdoedvaldomagalhaes.com.br\/index.php\/wp-json\/wp\/v2\/posts"}],"about":[{"href":"https:\/\/blogdoedvaldomagalhaes.com.br\/index.php\/wp-json\/wp\/v2\/types\/post"}],"author":[{"embeddable":true,"href":"https:\/\/blogdoedvaldomagalhaes.com.br\/index.php\/wp-json\/wp\/v2\/users\/1"}],"replies":[{"embeddable":true,"href":"https:\/\/blogdoedvaldomagalhaes.com.br\/index.php\/wp-json\/wp\/v2\/comments?post=109686"}],"version-history":[{"count":1,"href":"https:\/\/blogdoedvaldomagalhaes.com.br\/index.php\/wp-json\/wp\/v2\/posts\/109686\/revisions"}],"predecessor-version":[{"id":109688,"href":"https:\/\/blogdoedvaldomagalhaes.com.br\/index.php\/wp-json\/wp\/v2\/posts\/109686\/revisions\/109688"}],"wp:featuredmedia":[{"embeddable":true,"href":"https:\/\/blogdoedvaldomagalhaes.com.br\/index.php\/wp-json\/wp\/v2\/media\/109687"}],"wp:attachment":[{"href":"https:\/\/blogdoedvaldomagalhaes.com.br\/index.php\/wp-json\/wp\/v2\/media?parent=109686"}],"wp:term":[{"taxonomy":"category","embeddable":true,"href":"https:\/\/blogdoedvaldomagalhaes.com.br\/index.php\/wp-json\/wp\/v2\/categories?post=109686"},{"taxonomy":"post_tag","embeddable":true,"href":"https:\/\/blogdoedvaldomagalhaes.com.br\/index.php\/wp-json\/wp\/v2\/tags?post=109686"}],"curies":[{"name":"wp","href":"https:\/\/api.w.org\/{rel}","templated":true}]}}