{"id":109683,"date":"2024-06-22T10:47:34","date_gmt":"2024-06-22T13:47:34","guid":{"rendered":"https:\/\/blogdoedvaldomagalhaes.com.br\/?p=109683"},"modified":"2024-06-22T10:47:35","modified_gmt":"2024-06-22T13:47:35","slug":"envolvido-com-furto-a-caixas-eletronicos-rompe-tornozeleira-e-e-detido-pela-prf","status":"publish","type":"post","link":"https:\/\/blogdoedvaldomagalhaes.com.br\/index.php\/2024\/06\/22\/envolvido-com-furto-a-caixas-eletronicos-rompe-tornozeleira-e-e-detido-pela-prf\/","title":{"rendered":"Envolvido com furto a caixas eletr\u00f4nicos rompe tornozeleira e \u00e9 detido pela PRF"},"content":{"rendered":"<p>Um homem que estava no regime semiaberto e havia rompido a tornozeleira eletr\u00f4nica foi detido, na sexta-feira (21), pela Pol\u00edcia Rodovi\u00e1ria Federal (PRF), na BR 101, em Igarassu,  no Grande Recife. O homem possui diversas passagens na pol\u00edcia por furto a caixas eletr\u00f4nicos e estava em um carro roubado no momento da abordagem.<\/p>\n<p>Durante a abordagem a um carro, o motorista apresentou uma identidade em nome de outra pessoa, mas os policiais perceberam a adultera\u00e7\u00e3o e descobriram o nome verdadeiro do condutor. Contra ele havia um mandado de pris\u00e3o em aberto desde maio deste ano, emitido pela Vara de Execu\u00e7\u00e3o Penal de Jo\u00e3o Pessoa. <\/p>\n<p>O homem possu\u00eda passagem na pol\u00edcia por furto, recepta\u00e7\u00e3o, associa\u00e7\u00e3o criminosa, identidade falsa, porte e posse ilegal de arma de fogo.<\/p>\n<p>Em consulta, a equipe descobriu que o homem \u00e9 considerado um dos maiores arrombadores de caixa eletr\u00f4nico do Mato Grosso, al\u00e9m de possuir hist\u00f3rico de crimes no Rio Grande do Norte, Bahia, Pernambuco e Paran\u00e1. O carro em que ele estava possu\u00eda placas clonadas e queixa de roubo desde o dia 25 de maio deste ano, no Rio de Janeiro.<\/p>\n<p>O homem foi encaminhado \u00e0 Delegacia de Pol\u00edcia Civil de Paulista, para ser apresentado \u00e0 justi\u00e7a. Foto: Divulga\u00e7\u00e3o\/PRF<br \/>\nSeja seguidor do Instagram do Blog @blogdoedvaldomagalhaes<\/p>\n","protected":false},"excerpt":{"rendered":"<p>Um homem que estava no regime semiaberto e havia rompido a tornozeleira eletr\u00f4nica foi detido, na sexta-feira (21), pela Pol\u00edcia&hellip;<\/p>\n","protected":false},"author":1,"featured_media":109684,"comment_status":"closed","ping_status":"open","sticky":false,"template":"","format":"standard","meta":{"footnotes":""},"categories":[14121],"tags":[30592,27410,2,28801,30866],"class_list":["post-109683","post","type-post","status-publish","format-standard","has-post-thumbnail","hentry","category-policial","tag-blog-com-mais-seguidores","tag-blog-de-caruaru","tag-blog-do-edvaldo-magalhaes","tag-blog-mais-acessado","tag-envolvido-com-furto-a-caixas-eletronicos-rompe-tornozeleira-e-e-detido-pela-prf-em-igarassu"],"_links":{"self":[{"href":"https:\/\/blogdoedvaldomagalhaes.com.br\/index.php\/wp-json\/wp\/v2\/posts\/109683","targetHints":{"allow":["GET"]}}],"collection":[{"href":"https:\/\/blogdoedvaldomagalhaes.com.br\/index.php\/wp-json\/wp\/v2\/posts"}],"about":[{"href":"https:\/\/blogdoedvaldomagalhaes.com.br\/index.php\/wp-json\/wp\/v2\/types\/post"}],"author":[{"embeddable":true,"href":"https:\/\/blogdoedvaldomagalhaes.com.br\/index.php\/wp-json\/wp\/v2\/users\/1"}],"replies":[{"embeddable":true,"href":"https:\/\/blogdoedvaldomagalhaes.com.br\/index.php\/wp-json\/wp\/v2\/comments?post=109683"}],"version-history":[{"count":1,"href":"https:\/\/blogdoedvaldomagalhaes.com.br\/index.php\/wp-json\/wp\/v2\/posts\/109683\/revisions"}],"predecessor-version":[{"id":109685,"href":"https:\/\/blogdoedvaldomagalhaes.com.br\/index.php\/wp-json\/wp\/v2\/posts\/109683\/revisions\/109685"}],"wp:featuredmedia":[{"embeddable":true,"href":"https:\/\/blogdoedvaldomagalhaes.com.br\/index.php\/wp-json\/wp\/v2\/media\/109684"}],"wp:attachment":[{"href":"https:\/\/blogdoedvaldomagalhaes.com.br\/index.php\/wp-json\/wp\/v2\/media?parent=109683"}],"wp:term":[{"taxonomy":"category","embeddable":true,"href":"https:\/\/blogdoedvaldomagalhaes.com.br\/index.php\/wp-json\/wp\/v2\/categories?post=109683"},{"taxonomy":"post_tag","embeddable":true,"href":"https:\/\/blogdoedvaldomagalhaes.com.br\/index.php\/wp-json\/wp\/v2\/tags?post=109683"}],"curies":[{"name":"wp","href":"https:\/\/api.w.org\/{rel}","templated":true}]}}