{"id":109680,"date":"2024-06-21T15:23:30","date_gmt":"2024-06-21T18:23:30","guid":{"rendered":"https:\/\/blogdoedvaldomagalhaes.com.br\/?p=109680"},"modified":"2024-06-21T15:23:31","modified_gmt":"2024-06-21T18:23:31","slug":"viatura-capota-apos-engavetamento-entre-seis-veiculos-na-br-232","status":"publish","type":"post","link":"https:\/\/blogdoedvaldomagalhaes.com.br\/index.php\/2024\/06\/21\/viatura-capota-apos-engavetamento-entre-seis-veiculos-na-br-232\/","title":{"rendered":"Viatura capota, ap\u00f3s engavetamento entre seis ve\u00edculos na BR 232"},"content":{"rendered":"<p>Por volta das 13h15, desta sexta-feira (21.06), a PRF foi informada de sinistro de tr\u00e2nsito no km 19,7 da BR 232, em Moreno, sentido interior.<\/p>\n<p>Foi um engavetamento envolvendo seis ve\u00edculos, entre eles uma viatura da Pol\u00edcia Civil que capotou. De acordo com informa\u00e7\u00f5es colhidas, o motorista do primeiro carro se assustou com um caminh\u00e3o que seguia \u00e0 frente e freou de repente, ocasionando o engavetamento.<\/p>\n<p>Apenas o motorista da viatura teve ferimentos, mas sem gravidade (arranhou o cotovelo). Ele n\u00e3o precisou ser socorrido.<\/p>\n<p>Todos os motoristas realizaram o teste do baf\u00f4metro e o resultado foi normal.<\/p>\n<p>Nesse momento, apenas o acostamento da rodovia est\u00e1 liberado para a passagem dos ve\u00edculos. O tr\u00e2nsito est\u00e1 lento no local. Foto: Divulga\u00e7\u00e3o\/PRF<br \/>\nSeja seguidor do Instagram do Blog @blogdoedvaldomagalhaes<\/p>\n","protected":false},"excerpt":{"rendered":"<p>Por volta das 13h15, desta sexta-feira (21.06), a PRF foi informada de sinistro de tr\u00e2nsito no km 19,7 da BR&hellip;<\/p>\n","protected":false},"author":1,"featured_media":109681,"comment_status":"closed","ping_status":"open","sticky":false,"template":"","format":"standard","meta":{"footnotes":""},"categories":[14121],"tags":[14276,28803,27410,2,28801,30865],"class_list":["post-109680","post","type-post","status-publish","format-standard","has-post-thumbnail","hentry","category-policial","tag-acidente","tag-blog-com-mais-visualizacoes","tag-blog-de-caruaru","tag-blog-do-edvaldo-magalhaes","tag-blog-mais-acessado","tag-viatura-capota-apos-engavetamento-entre-seis-veiculos-na-br-232"],"_links":{"self":[{"href":"https:\/\/blogdoedvaldomagalhaes.com.br\/index.php\/wp-json\/wp\/v2\/posts\/109680","targetHints":{"allow":["GET"]}}],"collection":[{"href":"https:\/\/blogdoedvaldomagalhaes.com.br\/index.php\/wp-json\/wp\/v2\/posts"}],"about":[{"href":"https:\/\/blogdoedvaldomagalhaes.com.br\/index.php\/wp-json\/wp\/v2\/types\/post"}],"author":[{"embeddable":true,"href":"https:\/\/blogdoedvaldomagalhaes.com.br\/index.php\/wp-json\/wp\/v2\/users\/1"}],"replies":[{"embeddable":true,"href":"https:\/\/blogdoedvaldomagalhaes.com.br\/index.php\/wp-json\/wp\/v2\/comments?post=109680"}],"version-history":[{"count":1,"href":"https:\/\/blogdoedvaldomagalhaes.com.br\/index.php\/wp-json\/wp\/v2\/posts\/109680\/revisions"}],"predecessor-version":[{"id":109682,"href":"https:\/\/blogdoedvaldomagalhaes.com.br\/index.php\/wp-json\/wp\/v2\/posts\/109680\/revisions\/109682"}],"wp:featuredmedia":[{"embeddable":true,"href":"https:\/\/blogdoedvaldomagalhaes.com.br\/index.php\/wp-json\/wp\/v2\/media\/109681"}],"wp:attachment":[{"href":"https:\/\/blogdoedvaldomagalhaes.com.br\/index.php\/wp-json\/wp\/v2\/media?parent=109680"}],"wp:term":[{"taxonomy":"category","embeddable":true,"href":"https:\/\/blogdoedvaldomagalhaes.com.br\/index.php\/wp-json\/wp\/v2\/categories?post=109680"},{"taxonomy":"post_tag","embeddable":true,"href":"https:\/\/blogdoedvaldomagalhaes.com.br\/index.php\/wp-json\/wp\/v2\/tags?post=109680"}],"curies":[{"name":"wp","href":"https:\/\/api.w.org\/{rel}","templated":true}]}}