{"id":109677,"date":"2024-06-21T14:52:51","date_gmt":"2024-06-21T17:52:51","guid":{"rendered":"https:\/\/blogdoedvaldomagalhaes.com.br\/?p=109677"},"modified":"2024-06-21T14:52:52","modified_gmt":"2024-06-21T17:52:52","slug":"confira-a-programacao-do-polo-alto-do-moura-neste-fim-de-semana","status":"publish","type":"post","link":"https:\/\/blogdoedvaldomagalhaes.com.br\/index.php\/2024\/06\/21\/confira-a-programacao-do-polo-alto-do-moura-neste-fim-de-semana\/","title":{"rendered":"Confira a programa\u00e7\u00e3o do Polo Alto do Moura neste fim de semana"},"content":{"rendered":"<p>Os forrozeiros est\u00e3o em contagem regressiva para os festejos do dia de S\u00e3o Jo\u00e3o, celebrado na pr\u00f3xima segunda-feira(24), e, no que depender dos organizadores do Polo Alto do Moura, a programa\u00e7\u00e3o come\u00e7a cedo no local. Para aqueles que colocaram o Polo Mestre Vitalino na agenda do fim de semana, o arrasta-p\u00e9 ter\u00e1 in\u00edcio no s\u00e1bado(22), a partir das 10h, com o Expresso Forr\u00f3nejo, que traz em seu repert\u00f3rio um mix entre o forr\u00f3 e o sertanejo. <\/p>\n<p>Em seguida, o comando da festa ficar\u00e1 por conta do forr\u00f3 eletr\u00f4nico do cantor caruaruense Renan Cruz. Dando continuidade, a cantora paraense Silvana Salazar promete um show divertido, inovador e irreverente. O dia ser\u00e1 encerrado com a apresenta\u00e7\u00e3o do jovem cantor recifense Alex J\u00fanior.<\/p>\n<p>No domingo(23), os festejos continuam e, a partir do meio-dia, o cantor e sanfoneiro Sebastian Silva, ganhador da Festa do Trof\u00e9u Gonzag\u00e3o, no ano de 2019, em Campina Grande \u2013PB, premia\u00e7\u00e3o considerada o Oscar do Forr\u00f3, vai se apresentar no segundo maior polo junino da Capital do Agreste. Depois, ser\u00e1 o momento daqueles que curtem o bom e nada velho \u201cforr\u00f3 das antigas\u201d com a banda Brucelose, que marcou a vida de muitos casais com sucessos como: \u201cTe amo demais\u201d , \u201cForr\u00f3 de vaqueiro\u201d, dentre muitos outros. <\/p>\n<p>A v\u00e9spera do dia de S\u00e3o Jo\u00e3o, ser\u00e1 encerrada em grande estilo, com o cantor Maciel Melo, reconhecido pelo seu forr\u00f3 genu\u00edno. O artista se destacou no cen\u00e1rio musical com o cl\u00e1ssico nordestino \u201cCaboclo Sonhador\u201d, sucesso nas interpreta\u00e7\u00f5es de Fl\u00e1vio Jos\u00e9 e Fagner.<\/p>\n<p>A segunda-feira (24) chegar\u00e1 com um gostinho de saudade, mas ela n\u00e3o ser\u00e1 suficiente para desanimar os apaixonados pelo forr\u00f3. O dia ter\u00e1 in\u00edcio com a forrozeira Renilda Cardoso, que, com seu repert\u00f3rio, exalta as ra\u00edzes do aut\u00eantico forr\u00f3 e a for\u00e7a e representatividade da mulher no dia a dia. Em grande estilo, o pen\u00faltimo fim de semana contar\u00e1 com a dupla Edu e Maraial, que levar\u00e1 o sertanejo executado em formato  de bolero acelerado, conhecido como &#8221;bolerado\u201d . Um dos primeiros sucessos da dupla foi a can\u00e7\u00e3o &#8220;Doce Mel&#8221;, em parceria com a Banda Calypso, com a qual a dupla ganhou proje\u00e7\u00e3o nacional ao participar do DVD, gravado em Goi\u00e2nia, no ano de 2008. Foto: Jorge Farias<br \/>\nSeja seguidor do Instagram do Blog @blogdoedvaldomagalhaes<\/p>\n","protected":false},"excerpt":{"rendered":"<p>Os forrozeiros est\u00e3o em contagem regressiva para os festejos do dia de S\u00e3o Jo\u00e3o, celebrado na pr\u00f3xima segunda-feira(24), e, no&hellip;<\/p>\n","protected":false},"author":1,"featured_media":109678,"comment_status":"closed","ping_status":"open","sticky":false,"template":"","format":"standard","meta":{"footnotes":""},"categories":[14120],"tags":[30253,28803,13146,28801,30864,6222],"class_list":["post-109677","post","type-post","status-publish","format-standard","has-post-thumbnail","hentry","category-noticias","tag-blog-caruaru","tag-blog-com-mais-visualizacoes","tag-blog-edvaldo-magalhaes","tag-blog-mais-acessado","tag-confira-a-programacao-do-polo-alto-do-moura-neste-fim-de-semana","tag-sao-joao-de-caruaru"],"_links":{"self":[{"href":"https:\/\/blogdoedvaldomagalhaes.com.br\/index.php\/wp-json\/wp\/v2\/posts\/109677","targetHints":{"allow":["GET"]}}],"collection":[{"href":"https:\/\/blogdoedvaldomagalhaes.com.br\/index.php\/wp-json\/wp\/v2\/posts"}],"about":[{"href":"https:\/\/blogdoedvaldomagalhaes.com.br\/index.php\/wp-json\/wp\/v2\/types\/post"}],"author":[{"embeddable":true,"href":"https:\/\/blogdoedvaldomagalhaes.com.br\/index.php\/wp-json\/wp\/v2\/users\/1"}],"replies":[{"embeddable":true,"href":"https:\/\/blogdoedvaldomagalhaes.com.br\/index.php\/wp-json\/wp\/v2\/comments?post=109677"}],"version-history":[{"count":1,"href":"https:\/\/blogdoedvaldomagalhaes.com.br\/index.php\/wp-json\/wp\/v2\/posts\/109677\/revisions"}],"predecessor-version":[{"id":109679,"href":"https:\/\/blogdoedvaldomagalhaes.com.br\/index.php\/wp-json\/wp\/v2\/posts\/109677\/revisions\/109679"}],"wp:featuredmedia":[{"embeddable":true,"href":"https:\/\/blogdoedvaldomagalhaes.com.br\/index.php\/wp-json\/wp\/v2\/media\/109678"}],"wp:attachment":[{"href":"https:\/\/blogdoedvaldomagalhaes.com.br\/index.php\/wp-json\/wp\/v2\/media?parent=109677"}],"wp:term":[{"taxonomy":"category","embeddable":true,"href":"https:\/\/blogdoedvaldomagalhaes.com.br\/index.php\/wp-json\/wp\/v2\/categories?post=109677"},{"taxonomy":"post_tag","embeddable":true,"href":"https:\/\/blogdoedvaldomagalhaes.com.br\/index.php\/wp-json\/wp\/v2\/tags?post=109677"}],"curies":[{"name":"wp","href":"https:\/\/api.w.org\/{rel}","templated":true}]}}