{"id":109674,"date":"2024-06-21T14:45:20","date_gmt":"2024-06-21T17:45:20","guid":{"rendered":"https:\/\/blogdoedvaldomagalhaes.com.br\/?p=109674"},"modified":"2024-06-21T14:45:21","modified_gmt":"2024-06-21T17:45:21","slug":"ganhe-o-mundo-governo-de-pernambuco-abre-licitacao-para-contratar-empresa-que-enviara-estudantes-a-outros-paises","status":"publish","type":"post","link":"https:\/\/blogdoedvaldomagalhaes.com.br\/index.php\/2024\/06\/21\/ganhe-o-mundo-governo-de-pernambuco-abre-licitacao-para-contratar-empresa-que-enviara-estudantes-a-outros-paises\/","title":{"rendered":"Ganhe o Mundo: Governo de Pernambuco abre licita\u00e7\u00e3o para contratar empresa que enviar\u00e1 estudantes a outros pa\u00edses"},"content":{"rendered":"<p>O Governo de Pernambuco divulgou, no Di\u00e1rio Oficial do Estado desta sexta-feira (21), a abertura de licita\u00e7\u00e3o para contrata\u00e7\u00e3o de uma empresa especializada na oferta de pacotes de interc\u00e2mbio para o Programa Ganhe o Mundo (PGM). Neste primeiro momento, atrav\u00e9s do Juntos pela Educa\u00e7\u00e3o, ser\u00e3o disponibilizadas 900 vagas para que os alunos possam ir ao exterior. O edital da licita\u00e7\u00e3o est\u00e1 dispon\u00edvel no site www.peintegrado.pe.gov.br. O projeto, que tem por objetivo ofertar programas de interc\u00e2mbio internacional aos alunos do Ensino M\u00e9dio da rede p\u00fablica estadual, ir\u00e1 enviar estudantes a outras na\u00e7\u00f5es j\u00e1 a partir do segundo semestre de 2024.<\/p>\n<p>\u201cEu acredito firmemente que a educa\u00e7\u00e3o tem o poder de transformar a vida dos jovens, por isso me alegro tanto em anunciar que os estudantes da rede estadual ter\u00e3o a oportunidade de fazer um interc\u00e2mbio, conhecer outras culturas e aprimorar o conhecimento de uma segunda l\u00edngua. N\u00e3o vamos descansar um minuto sequer at\u00e9 que todos os alunos pernambucanos tenham acesso \u00e0 melhor estrutura educacional poss\u00edvel, esse \u00e9 o nosso maior objetivo\u201d, afirmou a governadora Raquel Lyra.<\/p>\n<p>Ao todo, ser\u00e3o 900 vagas ofertadas \u2014 sendo 300 para os Estados Unidos, 400 para o Canad\u00e1 e 200 para o Chile. Os alunos ser\u00e3o encaminhados para entidades educacionais que s\u00e3o parceiras do Governo do Estado nos pa\u00edses.<\/p>\n<p>Interessados ainda podem participar das aulas preparat\u00f3rias que j\u00e1 est\u00e3o sendo oferecidas pela SEE, basta acessar o link do programa no e-mail escolar. Atualmente os alunos conseguem ter acesso \u00e0 modalidade de aula online de l\u00ednguas inglesa e espanhola. Os materiais s\u00e3o disponibilizados todas as segundas, quartas e sextas atrav\u00e9s do Google Classroom. Todo o conte\u00fado foi elaborado pelos professores da rede para que os estudantes aprendam a lidar com situa\u00e7\u00f5es do dia a dia, como express\u00f5es, sauda\u00e7\u00f5es, como utilizar meios de transporte, entre outros.<\/p>\n<p>Para acessar o material, \u00e9 necess\u00e1rio que o estudante se conecte atrav\u00e9s do e-mail escolar. Feito isso, ele pode escolher uma das salas que est\u00e3o dispon\u00edveis no ambiente virtual. No m\u00eas de maio, tamb\u00e9m foram realizados aul\u00f5es presenciais em 141 polos de todas as Ger\u00eancias Regionais de Educa\u00e7\u00e3o (GRE).<\/p>\n<p>Para participar do Ganhe o Mundo, os estudantes precisam ter o m\u00ednimo de 14 anos no dia do embarque e o m\u00e1ximo de 17 anos no retorno; ser aluno do 1\u00ba ou 2\u00ba anos do Ensino M\u00e9dio; ter n\u00edvel m\u00ednimo do idioma (ingl\u00eas ou espanhol); frequ\u00eancia de, pelo menos, 85%; autoriza\u00e7\u00e3o dos pais ou respons\u00e1veis e obter a aprova\u00e7\u00e3o no visto. Ap\u00f3s isso, todas as modalidades participantes ter\u00e3o que realizar uma prova para ingresso no PGM.<\/p>\n<p>&#8220;\u00c9 muito importante que os interessados intensifiquem os estudos, porque, muito em breve, as avalia\u00e7\u00f5es estar\u00e3o dispon\u00edveis para todos. Estamos ansiosos para que tudo isso ocorra da melhor forma poss\u00edvel e que eles usufruam desta oportunidade&#8221;, enfatiza a secret\u00e1ria executiva de Desenvolvimento da Educa\u00e7\u00e3o, T\u00e1rcia Silva.<br \/>\nFoto: Josimar Oliveira\/SEE<br \/>\nSeja seguidor do Instagram do Blog @blogdoedvaldomagalhaes<\/p>\n","protected":false},"excerpt":{"rendered":"<p>O Governo de Pernambuco divulgou, no Di\u00e1rio Oficial do Estado desta sexta-feira (21), a abertura de licita\u00e7\u00e3o para contrata\u00e7\u00e3o de&hellip;<\/p>\n","protected":false},"author":1,"featured_media":109675,"comment_status":"closed","ping_status":"open","sticky":false,"template":"","format":"standard","meta":{"footnotes":""},"categories":[14122],"tags":[28803,27410,2,28801,30863],"class_list":["post-109674","post","type-post","status-publish","format-standard","has-post-thumbnail","hentry","category-politica","tag-blog-com-mais-visualizacoes","tag-blog-de-caruaru","tag-blog-do-edvaldo-magalhaes","tag-blog-mais-acessado","tag-ganhe-o-mundo-governo-de-pernambuco-abre-licitacao-para-contratar-empresa-que-enviara-estudantes-a-outros-paises"],"_links":{"self":[{"href":"https:\/\/blogdoedvaldomagalhaes.com.br\/index.php\/wp-json\/wp\/v2\/posts\/109674","targetHints":{"allow":["GET"]}}],"collection":[{"href":"https:\/\/blogdoedvaldomagalhaes.com.br\/index.php\/wp-json\/wp\/v2\/posts"}],"about":[{"href":"https:\/\/blogdoedvaldomagalhaes.com.br\/index.php\/wp-json\/wp\/v2\/types\/post"}],"author":[{"embeddable":true,"href":"https:\/\/blogdoedvaldomagalhaes.com.br\/index.php\/wp-json\/wp\/v2\/users\/1"}],"replies":[{"embeddable":true,"href":"https:\/\/blogdoedvaldomagalhaes.com.br\/index.php\/wp-json\/wp\/v2\/comments?post=109674"}],"version-history":[{"count":1,"href":"https:\/\/blogdoedvaldomagalhaes.com.br\/index.php\/wp-json\/wp\/v2\/posts\/109674\/revisions"}],"predecessor-version":[{"id":109676,"href":"https:\/\/blogdoedvaldomagalhaes.com.br\/index.php\/wp-json\/wp\/v2\/posts\/109674\/revisions\/109676"}],"wp:featuredmedia":[{"embeddable":true,"href":"https:\/\/blogdoedvaldomagalhaes.com.br\/index.php\/wp-json\/wp\/v2\/media\/109675"}],"wp:attachment":[{"href":"https:\/\/blogdoedvaldomagalhaes.com.br\/index.php\/wp-json\/wp\/v2\/media?parent=109674"}],"wp:term":[{"taxonomy":"category","embeddable":true,"href":"https:\/\/blogdoedvaldomagalhaes.com.br\/index.php\/wp-json\/wp\/v2\/categories?post=109674"},{"taxonomy":"post_tag","embeddable":true,"href":"https:\/\/blogdoedvaldomagalhaes.com.br\/index.php\/wp-json\/wp\/v2\/tags?post=109674"}],"curies":[{"name":"wp","href":"https:\/\/api.w.org\/{rel}","templated":true}]}}