{"id":109497,"date":"2024-06-17T20:51:04","date_gmt":"2024-06-17T23:51:04","guid":{"rendered":"https:\/\/blogdoedvaldomagalhaes.com.br\/?p=109497"},"modified":"2024-06-17T20:51:05","modified_gmt":"2024-06-17T23:51:05","slug":"tonynho-e-destaque-em-insercoes-partidarias-do-mdb","status":"publish","type":"post","link":"https:\/\/blogdoedvaldomagalhaes.com.br\/index.php\/2024\/06\/17\/tonynho-e-destaque-em-insercoes-partidarias-do-mdb\/","title":{"rendered":"Tonynho \u00e9 destaque em inser\u00e7\u00f5es partid\u00e1rias do MDB"},"content":{"rendered":"<p>Come\u00e7am a ser veiculadas nesta segunda-feira (17) as inser\u00e7\u00f5es partid\u00e1rias do MDB que destacam a pr\u00e9-candidatura de Tonynho Rodrigues (MDB) para a prefeitura de Caruaru nas Elei\u00e7\u00f5es 2024. O empres\u00e1rio \u00e9 uma aposta do partido para fortalecer o projeto que tem sido constru\u00eddo para o Agreste de Pernambuco.<\/p>\n<p>Se apresentando como filho de Tony Gel e filho de Caruaru, Tonynho afirma que tem escutado as demandas do povo nos quatro cantos da cidade durante este per\u00edodo pr\u00e9-eleitoral. <\/p>\n<p>\u201cN\u00f3s, do MDB, acreditamos em novas ideias e projetos para melhorar a vida da nossa gente. \u00c9 preciso pensar diferente para encontrar solu\u00e7\u00f5es para a nossa cidade\u201d, destaca Tonynho no material veiculado nas emissoras. Foto: Divulga\u00e7\u00e3o<br \/>\nSeja seguidor do Instagram do Blog @blogdoedvaldomagalhaes<\/p>\n","protected":false},"excerpt":{"rendered":"<p>Come\u00e7am a ser veiculadas nesta segunda-feira (17) as inser\u00e7\u00f5es partid\u00e1rias do MDB que destacam a pr\u00e9-candidatura de Tonynho Rodrigues (MDB)&hellip;<\/p>\n","protected":false},"author":1,"featured_media":109499,"comment_status":"closed","ping_status":"open","sticky":false,"template":"","format":"standard","meta":{"footnotes":""},"categories":[14122],"tags":[30592,27410,2,28801,20,30814],"class_list":["post-109497","post","type-post","status-publish","format-standard","has-post-thumbnail","hentry","category-politica","tag-blog-com-mais-seguidores","tag-blog-de-caruaru","tag-blog-do-edvaldo-magalhaes","tag-blog-mais-acessado","tag-politica","tag-tonynho-e-destaque-em-insercoes-partidarias-do-mdb"],"_links":{"self":[{"href":"https:\/\/blogdoedvaldomagalhaes.com.br\/index.php\/wp-json\/wp\/v2\/posts\/109497","targetHints":{"allow":["GET"]}}],"collection":[{"href":"https:\/\/blogdoedvaldomagalhaes.com.br\/index.php\/wp-json\/wp\/v2\/posts"}],"about":[{"href":"https:\/\/blogdoedvaldomagalhaes.com.br\/index.php\/wp-json\/wp\/v2\/types\/post"}],"author":[{"embeddable":true,"href":"https:\/\/blogdoedvaldomagalhaes.com.br\/index.php\/wp-json\/wp\/v2\/users\/1"}],"replies":[{"embeddable":true,"href":"https:\/\/blogdoedvaldomagalhaes.com.br\/index.php\/wp-json\/wp\/v2\/comments?post=109497"}],"version-history":[{"count":1,"href":"https:\/\/blogdoedvaldomagalhaes.com.br\/index.php\/wp-json\/wp\/v2\/posts\/109497\/revisions"}],"predecessor-version":[{"id":109500,"href":"https:\/\/blogdoedvaldomagalhaes.com.br\/index.php\/wp-json\/wp\/v2\/posts\/109497\/revisions\/109500"}],"wp:featuredmedia":[{"embeddable":true,"href":"https:\/\/blogdoedvaldomagalhaes.com.br\/index.php\/wp-json\/wp\/v2\/media\/109499"}],"wp:attachment":[{"href":"https:\/\/blogdoedvaldomagalhaes.com.br\/index.php\/wp-json\/wp\/v2\/media?parent=109497"}],"wp:term":[{"taxonomy":"category","embeddable":true,"href":"https:\/\/blogdoedvaldomagalhaes.com.br\/index.php\/wp-json\/wp\/v2\/categories?post=109497"},{"taxonomy":"post_tag","embeddable":true,"href":"https:\/\/blogdoedvaldomagalhaes.com.br\/index.php\/wp-json\/wp\/v2\/tags?post=109497"}],"curies":[{"name":"wp","href":"https:\/\/api.w.org\/{rel}","templated":true}]}}