{"id":109491,"date":"2024-06-17T15:24:41","date_gmt":"2024-06-17T18:24:41","guid":{"rendered":"https:\/\/blogdoedvaldomagalhaes.com.br\/?p=109491"},"modified":"2024-06-17T15:32:45","modified_gmt":"2024-06-17T18:32:45","slug":"ultimos-dias-para-solicitar-ligacao-provisoria-de-energia-eletrica-para-o-sao-joao-de-caruaru","status":"publish","type":"post","link":"https:\/\/blogdoedvaldomagalhaes.com.br\/index.php\/2024\/06\/17\/ultimos-dias-para-solicitar-ligacao-provisoria-de-energia-eletrica-para-o-sao-joao-de-caruaru\/","title":{"rendered":"\u00daltimos dias para solicitar liga\u00e7\u00e3o provis\u00f3ria de energia el\u00e9trica para o S\u00e3o Jo\u00e3o de Caruaru"},"content":{"rendered":"<p>Os barraqueiros, produtores de evento e poder p\u00fablico de Caruaru t\u00eam at\u00e9 esta quarta-feira (19) para solicitar liga\u00e7\u00e3o provis\u00f3ria de energia el\u00e9trica \u00e0 Neoenergia Pernambuco. O prazo se deve ao fato de a distribuidora precisar de tempo h\u00e1bil para atender as solicita\u00e7\u00f5es em todo o Estado. Diante disso, a empresa refor\u00e7ou as equipes na loja de atendimento do munic\u00edpio, que fica localizada na Rua Vig\u00e1rio Freire, n\u00famero 255, no bairro Nossa Senhora das Dores.<\/p>\n<p>Ao solicitar uma liga\u00e7\u00e3o provis\u00f3ria, \u00e9 necess\u00e1rio que os barraqueiros e comerciantes fiquem atentos \u00e0s instru\u00e7\u00f5es de seguran\u00e7as que devem ser seguidas para que o servi\u00e7o seja realizado. Entre as exig\u00eancias do setor el\u00e9trico para a realiza\u00e7\u00e3o de uma liga\u00e7\u00e3o provis\u00f3ria est\u00e3o a autoriza\u00e7\u00e3o do uso do solo pela prefeitura, a declara\u00e7\u00e3o da carga que ser\u00e1 utilizada e o pagamento da taxa \u00fanica de vistoria, liga\u00e7\u00e3o e desligamento. O padr\u00e3o de entrada e o aterramento do sistema tamb\u00e9m s\u00e3o de responsabilidades do cliente. \u00c9 importante ressaltar que o local ainda precisa atender aos crit\u00e9rios t\u00e9cnicos e de seguran\u00e7a.<\/p>\n<p>A solicita\u00e7\u00e3o da liga\u00e7\u00e3o provis\u00f3ria \u00e9 imprescind\u00edvel para quem for trabalhar com energia el\u00e9trica durante o S\u00e3o Jo\u00e3o porque evita acidentes e garante a qualidade da energia para os barraqueiros e comerciantes. \u201c_A Neoenergia n\u00e3o vai tolerar a liga\u00e7\u00e3o clandestina, pois, al\u00e9m de ser crime, coloca em risco quem pratica o furto e todos que aproveitaram a festa junina e estiverem por perto. Por esse motivo, estamos com centenas de eletricistas diariamente nas ruas para coibir essa a\u00e7\u00e3o_\u201d, *afirmou o gerente de opera\u00e7\u00e3o da distribuidora, Luiz Paulo Marinho*<\/p>\n<p>Outro ponto relevante \u00e9 que a liga\u00e7\u00e3o provis\u00f3ria tamb\u00e9m protege os equipamentos dos barraqueiros e comerciantes, evitando poss\u00edveis danos el\u00e9tricos que podem acabar com a atividade nos dias juninos. \u201c_\u00c9 um cuidado que deve ser tomado por quem deseja trabalhar da forma correta, segura e sem preju\u00edzo_\u201d, *finalizou Luiz Paulo.*<\/p>\n<p>Todos os detalhes para o processo de solicita\u00e7\u00e3o da liga\u00e7\u00e3o provis\u00f3ria podem ser encontrados ao clicar aqui.<\/p>\n<p>*REQUISITOS DE SEGURAN\u00c7A PARA REALIZA\u00c7\u00c3O DA LIGA\u00c7\u00c3O PROVIS\u00d3RIA*<\/p>\n<p>01 &#8211; Todo material, inclusive o ramal de liga\u00e7\u00e3o (fio que liga a rede da Neoenergia \u00e0 barraca, trailer, palco etc.), \u00e9 de responsabilidade do cliente, como tamb\u00e9m a montagem do padr\u00e3o onde ser\u00e1 instalado o medidor.<\/p>\n<p>02 \u2013 O ramal de liga\u00e7\u00e3o dever\u00e1 possuir, obrigatoriamente, as seguintes caracter\u00edsticas: utiliza\u00e7\u00e3o de cabo 4 (quatro) mil\u00edmetros (PP) duas vias, em perfeitas condi\u00e7\u00f5es e sem emendas.<\/p>\n<p>03 &#8211; A Neoenergia n\u00e3o permitir\u00e1 liga\u00e7\u00f5es com condutores pelo solo ou extens\u00e3o.<\/p>\n<p>04 \u2013 As liga\u00e7\u00f5es provis\u00f3rias s\u00f3 poder\u00e3o ser realizadas em locais onde j\u00e1 existe rede de distribui\u00e7\u00e3o de energia e sem travessia de rua.<\/p>\n<p>05 &#8211; As barracas dever\u00e3o possuir ponto de fixa\u00e7\u00e3o (barrote + rack, cantoneira etc.) para eleva\u00e7\u00e3o do ramal de liga\u00e7\u00e3o \u00e0 altura padr\u00e3o de 3 metros.<\/p>\n<p>06 &#8211; As barracas dever\u00e3o ser providas de dispositivo de prote\u00e7\u00e3o (disjuntor), padr\u00e3o Neoenergia.<\/p>\n<p>07 &#8211; Barracas e estruturas met\u00e1licas (palcos, camarins etc.) obrigatoriamente dever\u00e3o ser providos de aterramento.<\/p>\n<p>08 &#8211; A liga\u00e7\u00e3o s\u00f3 ser\u00e1 efetuada mediante a apresenta\u00e7\u00e3o das faturas de consumo e servi\u00e7o pagas.<\/p>\n<p>09 &#8211; Nos casos que forem identificadas cargas adicionais, o cliente dever\u00e1 deslig\u00e1-las at\u00e9 que ocorra a regulariza\u00e7\u00e3o da situa\u00e7\u00e3o junto \u00e0 distribuidora.<\/p>\n<p>11 &#8211; As liga\u00e7\u00f5es provis\u00f3rias das barracas s\u00f3 ser\u00e3o realizadas com cabo de 4 (quatro) mil\u00edmetros (PP) duas vias e o aterramento devidamente instalado.<\/p>\n<p>12 &#8211; A liga\u00e7\u00e3o interna n\u00e3o poder\u00e1 ter contato com a parte met\u00e1lica da barraca.<br \/>\nFoto: Divulga\u00e7\u00e3o\/Neoenergia<br \/>\nSeja seguidor do Instagram do Blog @blogdoedvaldomagalhaes<\/p>\n","protected":false},"excerpt":{"rendered":"<p>Os barraqueiros, produtores de evento e poder p\u00fablico de Caruaru t\u00eam at\u00e9 esta quarta-feira (19) para solicitar liga\u00e7\u00e3o provis\u00f3ria de&hellip;<\/p>\n","protected":false},"author":1,"featured_media":109494,"comment_status":"closed","ping_status":"open","sticky":false,"template":"","format":"standard","meta":{"footnotes":""},"categories":[14120],"tags":[30592,27410,2,28801,30812,30811],"class_list":["post-109491","post","type-post","status-publish","format-standard","has-post-thumbnail","hentry","category-noticias","tag-blog-com-mais-seguidores","tag-blog-de-caruaru","tag-blog-do-edvaldo-magalhaes","tag-blog-mais-acessado","tag-neoenergia","tag-ultimos-dias-para-solicitar-ligacao-provisoria-de-energia-eletrica-para-o-sao-joao-no-municipio-de-caruaru"],"_links":{"self":[{"href":"https:\/\/blogdoedvaldomagalhaes.com.br\/index.php\/wp-json\/wp\/v2\/posts\/109491","targetHints":{"allow":["GET"]}}],"collection":[{"href":"https:\/\/blogdoedvaldomagalhaes.com.br\/index.php\/wp-json\/wp\/v2\/posts"}],"about":[{"href":"https:\/\/blogdoedvaldomagalhaes.com.br\/index.php\/wp-json\/wp\/v2\/types\/post"}],"author":[{"embeddable":true,"href":"https:\/\/blogdoedvaldomagalhaes.com.br\/index.php\/wp-json\/wp\/v2\/users\/1"}],"replies":[{"embeddable":true,"href":"https:\/\/blogdoedvaldomagalhaes.com.br\/index.php\/wp-json\/wp\/v2\/comments?post=109491"}],"version-history":[{"count":2,"href":"https:\/\/blogdoedvaldomagalhaes.com.br\/index.php\/wp-json\/wp\/v2\/posts\/109491\/revisions"}],"predecessor-version":[{"id":109495,"href":"https:\/\/blogdoedvaldomagalhaes.com.br\/index.php\/wp-json\/wp\/v2\/posts\/109491\/revisions\/109495"}],"wp:featuredmedia":[{"embeddable":true,"href":"https:\/\/blogdoedvaldomagalhaes.com.br\/index.php\/wp-json\/wp\/v2\/media\/109494"}],"wp:attachment":[{"href":"https:\/\/blogdoedvaldomagalhaes.com.br\/index.php\/wp-json\/wp\/v2\/media?parent=109491"}],"wp:term":[{"taxonomy":"category","embeddable":true,"href":"https:\/\/blogdoedvaldomagalhaes.com.br\/index.php\/wp-json\/wp\/v2\/categories?post=109491"},{"taxonomy":"post_tag","embeddable":true,"href":"https:\/\/blogdoedvaldomagalhaes.com.br\/index.php\/wp-json\/wp\/v2\/tags?post=109491"}],"curies":[{"name":"wp","href":"https:\/\/api.w.org\/{rel}","templated":true}]}}