{"id":109311,"date":"2024-06-11T13:14:16","date_gmt":"2024-06-11T16:14:16","guid":{"rendered":"https:\/\/blogdoedvaldomagalhaes.com.br\/?p=109311"},"modified":"2024-06-11T13:14:16","modified_gmt":"2024-06-11T16:14:16","slug":"junior-letal-prestigiou-festa-do-maior-quentao-no-adalgisa-nunes","status":"publish","type":"post","link":"https:\/\/blogdoedvaldomagalhaes.com.br\/index.php\/2024\/06\/11\/junior-letal-prestigiou-festa-do-maior-quentao-no-adalgisa-nunes\/","title":{"rendered":"J\u00fanior Letal prestigiou Festa do Maior Quent\u00e3o no Adalgisa Nunes"},"content":{"rendered":"<p><span style=\"font-size: revert;\">O pr\u00e9-candidato \u00e0 vereador J\u00fanior Letal, prestigiou na noite do \u00faltimo s\u00e1bado (8) a festa do Maior Quent\u00e3o, realizada no Adalgisa Nunes. E por onde passou J\u00fanior Letal foi muito bem recebido pelas pessoas que estavam no evento.<\/span><\/p>\n<p>&#8220;Foi muito bom poder est\u00e1 no evento, onde pude rever amigos e conversar com os moradores. Agrade\u00e7o a todos pela aten\u00e7\u00e3o e carinho. A nossa comunidade tem vivido um novo tempo &#8220;, disse J\u00fanior Letal.<\/p>\n<p>Foto: Divulga\u00e7\u00e3o<\/p>\n<p>Seja seguidor do Instagram do Blog @blogdoedvaldomagalhaes<\/p>\n","protected":false},"excerpt":{"rendered":"<p>O pr\u00e9-candidato \u00e0 vereador J\u00fanior Letal, prestigiou na noite do \u00faltimo s\u00e1bado (8) a festa do Maior Quent\u00e3o, realizada no&hellip;<\/p>\n","protected":false},"author":1,"featured_media":109312,"comment_status":"closed","ping_status":"open","sticky":false,"template":"","format":"standard","meta":{"footnotes":""},"categories":[14120],"tags":[30592,27410,2,28801,30765],"class_list":["post-109311","post","type-post","status-publish","format-standard","has-post-thumbnail","hentry","category-noticias","tag-blog-com-mais-seguidores","tag-blog-de-caruaru","tag-blog-do-edvaldo-magalhaes","tag-blog-mais-acessado","tag-junior-letal-prestigiou-festa-do-maior-quentao-no-adalgisa-nunes"],"_links":{"self":[{"href":"https:\/\/blogdoedvaldomagalhaes.com.br\/index.php\/wp-json\/wp\/v2\/posts\/109311","targetHints":{"allow":["GET"]}}],"collection":[{"href":"https:\/\/blogdoedvaldomagalhaes.com.br\/index.php\/wp-json\/wp\/v2\/posts"}],"about":[{"href":"https:\/\/blogdoedvaldomagalhaes.com.br\/index.php\/wp-json\/wp\/v2\/types\/post"}],"author":[{"embeddable":true,"href":"https:\/\/blogdoedvaldomagalhaes.com.br\/index.php\/wp-json\/wp\/v2\/users\/1"}],"replies":[{"embeddable":true,"href":"https:\/\/blogdoedvaldomagalhaes.com.br\/index.php\/wp-json\/wp\/v2\/comments?post=109311"}],"version-history":[{"count":1,"href":"https:\/\/blogdoedvaldomagalhaes.com.br\/index.php\/wp-json\/wp\/v2\/posts\/109311\/revisions"}],"predecessor-version":[{"id":109313,"href":"https:\/\/blogdoedvaldomagalhaes.com.br\/index.php\/wp-json\/wp\/v2\/posts\/109311\/revisions\/109313"}],"wp:featuredmedia":[{"embeddable":true,"href":"https:\/\/blogdoedvaldomagalhaes.com.br\/index.php\/wp-json\/wp\/v2\/media\/109312"}],"wp:attachment":[{"href":"https:\/\/blogdoedvaldomagalhaes.com.br\/index.php\/wp-json\/wp\/v2\/media?parent=109311"}],"wp:term":[{"taxonomy":"category","embeddable":true,"href":"https:\/\/blogdoedvaldomagalhaes.com.br\/index.php\/wp-json\/wp\/v2\/categories?post=109311"},{"taxonomy":"post_tag","embeddable":true,"href":"https:\/\/blogdoedvaldomagalhaes.com.br\/index.php\/wp-json\/wp\/v2\/tags?post=109311"}],"curies":[{"name":"wp","href":"https:\/\/api.w.org\/{rel}","templated":true}]}}