{"id":109305,"date":"2024-06-11T13:04:31","date_gmt":"2024-06-11T16:04:31","guid":{"rendered":"https:\/\/blogdoedvaldomagalhaes.com.br\/?p=109305"},"modified":"2024-06-11T13:07:12","modified_gmt":"2024-06-11T16:07:12","slug":"confira-a-programacao-do-sao-joao-no-dia-dos-namorados-12-e-da-noite-gospel-13","status":"publish","type":"post","link":"https:\/\/blogdoedvaldomagalhaes.com.br\/index.php\/2024\/06\/11\/confira-a-programacao-do-sao-joao-no-dia-dos-namorados-12-e-da-noite-gospel-13\/","title":{"rendered":"Confira a programa\u00e7\u00e3o do S\u00e3o Jo\u00e3o no dia dos namorados (12) e da noite gospel (13)"},"content":{"rendered":"<p>A programa\u00e7\u00e3o do Maior e Melhor S\u00e3o Jo\u00e3o do Mundo segue a todo vapor nesta terceira semana. No Dia dos Namorados, na quarta-feira (12), os apaixonados poder\u00e3o curtir shows bastante rom\u00e2nticos; enquanto na quinta (13) o P\u00e1tio de Eventos Luiz Lua Gonzaga receber\u00e1 a noite gospel, com atra\u00e7\u00f5es para o p\u00fablico evang\u00e9lico.<\/p>\n<p>Al\u00e9m do maior polo do evento, tamb\u00e9m haver\u00e1 programa\u00e7\u00e3o em outros polos da festa nestes dois dias. As atra\u00e7\u00f5es s\u00e3o para todos os gostos, indo desde o polo infantil aos polos que s\u00e3o dedicados em 100% ao forr\u00f3.<\/p>\n<p>Confira a programa\u00e7\u00e3o dos polos na quarta (12) e quinta-feira (13):<\/p>\n<p>Quarta-feira (12)<\/p>\n<p>_P\u00e1tio de Eventos_<br \/>\n20h &#8211; Roupa Nova<br \/>\n21h45 &#8211; Calcinha Preta<br \/>\n23h30 &#8211; Amado Batista<br \/>\n1h15 &#8211; Double You<\/p>\n<p>_Polo Camar\u00e3o_<br \/>\n19h &#8211; Ballet Cia Marcos Mercury<br \/>\n19h &#8211; Banda Forr\u00f3 Demais<br \/>\n20h &#8211; Os Corc\u00e9is<br \/>\n21h &#8211; Michel Brocador<br \/>\n22h &#8211; Luiz Wilson<br \/>\n23h &#8211; Danilo Pernambucano<\/p>\n<p>_Polo Infantil_<br \/>\n16h &#8211; Recrea\u00e7\u00e3o Recrearte<br \/>\n16h &#8211; Grupo Cenar\u2019t<br \/>\n17h &#8211; Tio Geraldo<br \/>\n18h &#8211; Banda Sonho M\u00e1gico<\/p>\n<p>_Polo das Quadrilhas_<br \/>\n19h &#8211; Encontro dos Bois<br \/>\n22h45 &#8211; Grupo de Dan\u00e7a Tradi\u00e7\u00e3o de Caruaru<\/p>\n<p>_Polo Instrumental Rildo Hora_<br \/>\n16h &#8211; Banda Nova Euterpe<br \/>\n17h40 &#8211; Thera Blue<br \/>\n19h40 &#8211; Nino do Rap<\/p>\n<p>_Polo Juarez Santiago_<br \/>\n19h &#8211; Trio Ch\u00e1 de Lim\u00e3o<br \/>\n20h15 &#8211; Trio Caruru<br \/>\n21h30 &#8211; Trio Cheiro de Alecrim<br \/>\n22h45 &#8211; Trio Claudemir do Forr\u00f3<\/p>\n<p>_Polo do Repente_<br \/>\n19h &#8211; Esquete teatral &#8211; Patativa do Assar\u00e9, o poeta, a ro\u00e7a e a vida<br \/>\n19h50 &#8211; Declamador Luiz do Sert\u00e3o<br \/>\n20h20 &#8211; Noite da Academia Caruaruense de Literatura de Cordel<br \/>\n21h40 &#8211; Show com Marcionilio de S\u00e3o Caetano<br \/>\n22h40 &#8211; Trio Caruara<\/p>\n<p>_Polo do Bacamarte_<br \/>\n19h &#8211; Batalh\u00e3o 01<br \/>\n20h30 &#8211; Batalh\u00e3o 333<br \/>\n22h &#8211; Batalh\u00e3o 28<\/p>\n<p>_Polo do P\u00edfano_<br \/>\n19h &#8211; Banda de P\u00edfanos da Inclus\u00e3o<br \/>\n20h30 &#8211; Banda de P\u00edfanos Cultural<br \/>\n22h &#8211; Banda de P\u00edfanos Caruaru Camale\u00e3o<\/p>\n<p>_Polo Itinerante_<br \/>\n19h &#8211; Quadrilha Animadrilha<br \/>\n20h &#8211; Boi Mimado<\/p>\n<p>Quinta-feira (13)<\/p>\n<p>_P\u00e1tio de Eventos_<br \/>\n19h &#8211; Bruna Sanolli<br \/>\n20h &#8211; Yonara Medeiros<br \/>\n21h30 &#8211; Isaias Saad<br \/>\n23h15 &#8211; Davi Sacer<\/p>\n<p>_Polo Camar\u00e3o_<br \/>\n18h &#8211; Forr\u00f3 Escaletado<br \/>\n19h &#8211; Forr\u00f3 de Cavaco<br \/>\n20h &#8211; Forr\u00f3 do Loir\u00e3o<br \/>\n21h30 &#8211; Roberto Cruz<br \/>\n22h45 &#8211; Carlinhos Pompom &#8211; A voz da sanfona<\/p>\n<p>_Polo das Quadrilhas_<br \/>\n19h &#8211; Quadrilha Junina Flor do Caru\u00e1<br \/>\n20h15 &#8211; Reizado do Alto do Moura<br \/>\n21h30 &#8211; Boi Teimoso<br \/>\n22h45 &#8211; Grupo de Dan\u00e7a P\u00e9rola Negra<\/p>\n<p>_Polo Juarez Santiago_<br \/>\n19h &#8211; Trio Coroado<br \/>\n20h15 &#8211; Trio Jeres<br \/>\n21h30 &#8211; Trio Estrela do Norte<br \/>\n22h45 &#8211; Trio Feira de Mangaio<\/p>\n<p>_Polo do Repente_<br \/>\n19h &#8211; Esquete teatral O Santo e a Porca, de Ariano Suassuna<br \/>\n20h10 &#8211; Declamador Luciano Dion\u00edsio<br \/>\n20h40 &#8211; Declamador Valdez Soares<br \/>\n21h &#8211; Festival dos poetas repentistas da Feira de Caruaru<br \/>\n22h35 &#8211; Trio Fole de Ouro<\/p>\n<p>_Polo do Bacamarte_<br \/>\n19h &#8211; Batalh\u00e3o 27<br \/>\n20h30 &#8211; Batalh\u00e3o 25<br \/>\n22h &#8211; Batalh\u00e3o 139<\/p>\n<p>_Polo do P\u00edfano_<br \/>\n19h &#8211; Banda de P\u00edfanos Nossa Senhora das Gra\u00e7as<br \/>\n20h30 &#8211; Banda de P\u00edfanos Vitoriano Jovem<br \/>\n22h &#8211; Banda de P\u00edfanos Zabumba Caruara<\/p>\n<p>_Polo Itinerante_<br \/>\n19h &#8211; Quadrilha Junina Z\u00e9 Matuto<br \/>\n20h &#8211; Boi Surubim<br \/>\nFoto: Felipe Correia\/Secom\/PMC<br \/>\nSeja seguidor do Instagram do Blog @blogdoedvaldomagalhaes<\/p>\n<p><img loading=\"lazy\" decoding=\"async\" src=\"https:\/\/blogdoedvaldomagalhaes.com.br\/wp-content\/uploads\/2024\/06\/img-20240531-wa04111643159115282013980.jpg\" class=\"wp-image-109308 alignnone size-full\" width=\"1284\" height=\"1595\" srcset=\"https:\/\/blogdoedvaldomagalhaes.com.br\/wp-content\/uploads\/2024\/06\/img-20240531-wa04111643159115282013980.jpg 1284w, https:\/\/blogdoedvaldomagalhaes.com.br\/wp-content\/uploads\/2024\/06\/img-20240531-wa04111643159115282013980-242x300.jpg 242w, https:\/\/blogdoedvaldomagalhaes.com.br\/wp-content\/uploads\/2024\/06\/img-20240531-wa04111643159115282013980-824x1024.jpg 824w, https:\/\/blogdoedvaldomagalhaes.com.br\/wp-content\/uploads\/2024\/06\/img-20240531-wa04111643159115282013980-768x954.jpg 768w, https:\/\/blogdoedvaldomagalhaes.com.br\/wp-content\/uploads\/2024\/06\/img-20240531-wa04111643159115282013980-1237x1536.jpg 1237w\" sizes=\"auto, (max-width: 1284px) 100vw, 1284px\" \/><\/p>\n<p><img loading=\"lazy\" decoding=\"async\" src=\"https:\/\/blogdoedvaldomagalhaes.com.br\/wp-content\/uploads\/2024\/06\/img-20240530-wa00555435118763389828406.jpg\" class=\"wp-image-109309 alignnone size-full\" width=\"900\" height=\"1600\" srcset=\"https:\/\/blogdoedvaldomagalhaes.com.br\/wp-content\/uploads\/2024\/06\/img-20240530-wa00555435118763389828406.jpg 900w, https:\/\/blogdoedvaldomagalhaes.com.br\/wp-content\/uploads\/2024\/06\/img-20240530-wa00555435118763389828406-169x300.jpg 169w, https:\/\/blogdoedvaldomagalhaes.com.br\/wp-content\/uploads\/2024\/06\/img-20240530-wa00555435118763389828406-576x1024.jpg 576w, https:\/\/blogdoedvaldomagalhaes.com.br\/wp-content\/uploads\/2024\/06\/img-20240530-wa00555435118763389828406-768x1365.jpg 768w, https:\/\/blogdoedvaldomagalhaes.com.br\/wp-content\/uploads\/2024\/06\/img-20240530-wa00555435118763389828406-864x1536.jpg 864w\" sizes=\"auto, (max-width: 900px) 100vw, 900px\" \/><\/p>\n","protected":false},"excerpt":{"rendered":"<p>A programa\u00e7\u00e3o do Maior e Melhor S\u00e3o Jo\u00e3o do Mundo segue a todo vapor nesta terceira semana. No Dia dos&hellip;<\/p>\n","protected":false},"author":1,"featured_media":109306,"comment_status":"closed","ping_status":"open","sticky":false,"template":"","format":"standard","meta":{"footnotes":""},"categories":[14120],"tags":[30592,27410,2,28801,30764,6222],"class_list":["post-109305","post","type-post","status-publish","format-standard","has-post-thumbnail","hentry","category-noticias","tag-blog-com-mais-seguidores","tag-blog-de-caruaru","tag-blog-do-edvaldo-magalhaes","tag-blog-mais-acessado","tag-confira-a-programacao-do-sao-joao-no-dia-dos-namorados-12-e-da-noite-gospel-13","tag-sao-joao-de-caruaru"],"_links":{"self":[{"href":"https:\/\/blogdoedvaldomagalhaes.com.br\/index.php\/wp-json\/wp\/v2\/posts\/109305","targetHints":{"allow":["GET"]}}],"collection":[{"href":"https:\/\/blogdoedvaldomagalhaes.com.br\/index.php\/wp-json\/wp\/v2\/posts"}],"about":[{"href":"https:\/\/blogdoedvaldomagalhaes.com.br\/index.php\/wp-json\/wp\/v2\/types\/post"}],"author":[{"embeddable":true,"href":"https:\/\/blogdoedvaldomagalhaes.com.br\/index.php\/wp-json\/wp\/v2\/users\/1"}],"replies":[{"embeddable":true,"href":"https:\/\/blogdoedvaldomagalhaes.com.br\/index.php\/wp-json\/wp\/v2\/comments?post=109305"}],"version-history":[{"count":2,"href":"https:\/\/blogdoedvaldomagalhaes.com.br\/index.php\/wp-json\/wp\/v2\/posts\/109305\/revisions"}],"predecessor-version":[{"id":109310,"href":"https:\/\/blogdoedvaldomagalhaes.com.br\/index.php\/wp-json\/wp\/v2\/posts\/109305\/revisions\/109310"}],"wp:featuredmedia":[{"embeddable":true,"href":"https:\/\/blogdoedvaldomagalhaes.com.br\/index.php\/wp-json\/wp\/v2\/media\/109306"}],"wp:attachment":[{"href":"https:\/\/blogdoedvaldomagalhaes.com.br\/index.php\/wp-json\/wp\/v2\/media?parent=109305"}],"wp:term":[{"taxonomy":"category","embeddable":true,"href":"https:\/\/blogdoedvaldomagalhaes.com.br\/index.php\/wp-json\/wp\/v2\/categories?post=109305"},{"taxonomy":"post_tag","embeddable":true,"href":"https:\/\/blogdoedvaldomagalhaes.com.br\/index.php\/wp-json\/wp\/v2\/tags?post=109305"}],"curies":[{"name":"wp","href":"https:\/\/api.w.org\/{rel}","templated":true}]}}