{"id":109300,"date":"2024-06-10T23:01:12","date_gmt":"2024-06-11T02:01:12","guid":{"rendered":"https:\/\/blogdoedvaldomagalhaes.com.br\/?p=109300"},"modified":"2024-06-10T23:03:29","modified_gmt":"2024-06-11T02:03:29","slug":"governadora-raquel-lyra-entrega-novos-onibus-escolares-a-todos-os-184-municipios-pernambucanos","status":"publish","type":"post","link":"https:\/\/blogdoedvaldomagalhaes.com.br\/index.php\/2024\/06\/10\/governadora-raquel-lyra-entrega-novos-onibus-escolares-a-todos-os-184-municipios-pernambucanos\/","title":{"rendered":"Governadora Raquel Lyra entrega novos \u00f4nibus escolares a todos os 184 munic\u00edpios pernambucanos"},"content":{"rendered":"<p>\u201cEstamos aqui para garantir que os munic\u00edpios possam cumprir o seu papel no transporte dos estudantes\u201d, ressaltou a governadora Raquel Lyra durante a entrega de 184 novos \u00f4nibus escolares na presen\u00e7a de prefeitos e representantes dos munic\u00edpios pernambucanos. A frota foi entregue no Semin\u00e1rio Juntos pela Educa\u00e7\u00e3o, que come\u00e7ou nesta segunda-feira (10), em Caruaru, no Agreste. Todos os munic\u00edpios do Estado est\u00e3o sendo beneficiados com um \u00f4nibus, e as chaves foram entregues simbolicamente pela governadora e sua vice, Priscila Krause. O valor do investimento foi da ordem de R$ 111 milh\u00f5es, para proporcionar a melhoria na qualidade do servi\u00e7o aos estudantes. Na ocasi\u00e3o, a governadora tamb\u00e9m lan\u00e7ou o PAR Pernambuco, um sistema onde os prefeitos poder\u00e3o apresentar as suas demandas da \u00e1rea da educa\u00e7\u00e3o.<\/p>\n<p>A governadora Raquel Lyra registrou que a educa\u00e7\u00e3o \u00e9 essencial para fazer o Estado crescer. \u201cHoje estamos entregando um \u00f4nibus para cada munic\u00edpio de Pernambuco. Eles s\u00e3o novinhos, 4&#215;4, com acessibilidade e tanque cheio de \u00f3leo, para poder chegar at\u00e9 o seu destino. Isso faz parte do Juntos pela Educa\u00e7\u00e3o, voltarmos o olhar para o transporte escolar como uma iniciativa fundamental para garantir o deslocamento dos estudantes. Aqui tamb\u00e9m lan\u00e7amos o PAR Pernambuco, um programa de a\u00e7\u00f5es articuladas junto dos munic\u00edpios, onde eles v\u00e3o poder ajustar em uma plataforma a sua demanda, seja por creche, seja por amplia\u00e7\u00e3o da educa\u00e7\u00e3o de ensino fundamental, no fomento financeiro, entre outras demandas\u201d, destacou a gestora.<\/p>\n<p>Com esta nova remessa de ve\u00edculos, o Governo de Pernambuco j\u00e1 entregou 364 \u00f4nibus escolares aos munic\u00edpios em um ano. Essa iniciativa faz parte do Juntos pela Educa\u00e7\u00e3o, que tem como uma das iniciativas a meta de entregar um total de mil novos \u00f4nibus escolares at\u00e9 2026.   <\/p>\n<p>\u201cEssa \u00e9 mais uma entrega que demonstra o compromisso da nossa gest\u00e3o com a mudan\u00e7a na educa\u00e7\u00e3o. Esses \u00f4nibus, junto com o aumento do repasse para o programa de manuten\u00e7\u00e3o do transporte escolar, garantem nossos estudantes nas escolas. Esse trabalho vai continuar porque at\u00e9 2026 vamos chegar a mil \u00f4nibus entregues\u201d, frisou a vice-governadora Priscila Krause.<\/p>\n<p>O secret\u00e1rio executivo de Articula\u00e7\u00e3o Municipal da Secretaria de Educa\u00e7\u00e3o e Esportes, Natanael Silva, registrou que Pernambuco est\u00e1 com muita sensibilidade e um olhar focado na realidade dos munic\u00edpios. \u201cMuitos prefeitos e secret\u00e1rios estavam emocionados porque sabem na ponta quanta diferen\u00e7a faz no transporte dos meninos e meninas\u201d, disse Natanael, acompanhado pelo secret\u00e1rio de Educa\u00e7\u00e3o em exerc\u00edcio, Luciano Leon\u00eddio.<\/p>\n<p>Todos os \u00f4nibus entregues hoje possuem aparelhos de ar-condicionado e rampa de acessibilidade que permitem ao estudante com defici\u00eancia ou com mobilidade reduzida o acesso ao interior do transporte. Os ve\u00edculos ser\u00e3o entregues devidamente emplacados e com o tanque abastecido para ajudar no deslocamento at\u00e9 os munic\u00edpios beneficiados. <\/p>\n<p>O prefeito Rodrigo Pinheiro ressaltou a relev\u00e2ncia do Juntos pela Educa\u00e7\u00e3o. &#8220;A nossa parceria com o Governo do Estado vem rendendo bons frutos. A educa\u00e7\u00e3o \u00e9 a base do desenvolvimento de qualquer sociedade, e a\u00e7\u00f5es como essa s\u00e3o fundamentais para construir um futuro melhor para todos&#8221;, disse. O deputado Iza\u00edas Regis, por sua vez, registrou que \u201cessa \u00e9 uma realidade que est\u00e1 acontecendo no Estado, com entrega de verdade feita pelo governo\u201d.<\/p>\n<p>*SEMIN\u00c1RIO -* Paralelamente \u00e0 entrega dos \u00f4nibus, a Secretaria de Educa\u00e7\u00e3o e Esportes est\u00e1 realizando o Semin\u00e1rio Juntos pela Educa\u00e7\u00e3o, com o tema central \u201cAvan\u00e7ando juntos pela educa\u00e7\u00e3o em Pernambuco\u201d. O evento tem como foco o regime de colabora\u00e7\u00e3o entre o Estado e as prefeituras no \u00e2mbito educacional, apresentando as iniciativas dispon\u00edveis atrav\u00e9s do programa Juntos pela Educa\u00e7\u00e3o, garantindo o alinhamento t\u00e9cnico entre as partes envolvidas. O evento conta com apresenta\u00e7\u00f5es culturais, oficinas, palestras e rodas de di\u00e1logos. A programa\u00e7\u00e3o segue at\u00e9 a ter\u00e7a-feira (11).<\/p>\n<p>Acompanharam as entregas o ex-governador Jo\u00e3o Lyra Neto e os deputados estaduais France Hacker, Jarbas Filho, Simone Santana, Socorro Pimentel, Jo\u00e3o Paulo Costa, Ant\u00f4nio Moraes, Iza\u00edas R\u00e9gis, Luciano Duque, Gustavo Gouveia, D\u00e9bora Almeida, Fabrizio Ferraz, Joaquim Lira, Eriberto Filho, Chaparral, Nino de Enoque, Jo\u00e3ozinho Ten\u00f3rio, Henrique Queiroz Filho, Renato Antunes e Dannilo Godoy. Secret\u00e1rios estaduais, autoridades da \u00e1rea da educa\u00e7\u00e3o e lideran\u00e7as pol\u00edticas de todas as regi\u00f5es de Pernambuco tamb\u00e9m estiveram presentes no evento.<br \/>\nFotos: Y\u00eado Leonel\/Secom<br \/>\nSeja seguidor do Instagram do Blog @blogdoedvaldomagalhaes<\/p>\n","protected":false},"excerpt":{"rendered":"<p>\u201cEstamos aqui para garantir que os munic\u00edpios possam cumprir o seu papel no transporte dos estudantes\u201d, ressaltou a governadora Raquel&hellip;<\/p>\n","protected":false},"author":1,"featured_media":109304,"comment_status":"closed","ping_status":"open","sticky":false,"template":"","format":"standard","meta":{"footnotes":""},"categories":[14122],"tags":[30592,27410,2,28801,30763,20],"class_list":["post-109300","post","type-post","status-publish","format-standard","has-post-thumbnail","hentry","category-politica","tag-blog-com-mais-seguidores","tag-blog-de-caruaru","tag-blog-do-edvaldo-magalhaes","tag-blog-mais-acessado","tag-governadora-raquel-lyra-entrega-novos-onibus-escolares-a-todos-os-184-municipios-pernambucanos","tag-politica"],"_links":{"self":[{"href":"https:\/\/blogdoedvaldomagalhaes.com.br\/index.php\/wp-json\/wp\/v2\/posts\/109300","targetHints":{"allow":["GET"]}}],"collection":[{"href":"https:\/\/blogdoedvaldomagalhaes.com.br\/index.php\/wp-json\/wp\/v2\/posts"}],"about":[{"href":"https:\/\/blogdoedvaldomagalhaes.com.br\/index.php\/wp-json\/wp\/v2\/types\/post"}],"author":[{"embeddable":true,"href":"https:\/\/blogdoedvaldomagalhaes.com.br\/index.php\/wp-json\/wp\/v2\/users\/1"}],"replies":[{"embeddable":true,"href":"https:\/\/blogdoedvaldomagalhaes.com.br\/index.php\/wp-json\/wp\/v2\/comments?post=109300"}],"version-history":[{"count":2,"href":"https:\/\/blogdoedvaldomagalhaes.com.br\/index.php\/wp-json\/wp\/v2\/posts\/109300\/revisions"}],"predecessor-version":[{"id":109303,"href":"https:\/\/blogdoedvaldomagalhaes.com.br\/index.php\/wp-json\/wp\/v2\/posts\/109300\/revisions\/109303"}],"wp:featuredmedia":[{"embeddable":true,"href":"https:\/\/blogdoedvaldomagalhaes.com.br\/index.php\/wp-json\/wp\/v2\/media\/109304"}],"wp:attachment":[{"href":"https:\/\/blogdoedvaldomagalhaes.com.br\/index.php\/wp-json\/wp\/v2\/media?parent=109300"}],"wp:term":[{"taxonomy":"category","embeddable":true,"href":"https:\/\/blogdoedvaldomagalhaes.com.br\/index.php\/wp-json\/wp\/v2\/categories?post=109300"},{"taxonomy":"post_tag","embeddable":true,"href":"https:\/\/blogdoedvaldomagalhaes.com.br\/index.php\/wp-json\/wp\/v2\/tags?post=109300"}],"curies":[{"name":"wp","href":"https:\/\/api.w.org\/{rel}","templated":true}]}}