{"id":109255,"date":"2024-06-09T14:14:44","date_gmt":"2024-06-09T17:14:44","guid":{"rendered":"https:\/\/blogdoedvaldomagalhaes.com.br\/?p=109255"},"modified":"2024-06-09T14:14:45","modified_gmt":"2024-06-09T17:14:45","slug":"3a-edicao-do-polo-da-inclusao-no-sao-joao-de-caruaru","status":"publish","type":"post","link":"https:\/\/blogdoedvaldomagalhaes.com.br\/index.php\/2024\/06\/09\/3a-edicao-do-polo-da-inclusao-no-sao-joao-de-caruaru\/","title":{"rendered":"3\u00aa edi\u00e7\u00e3o do Polo da Inclus\u00e3o no S\u00e3o Jo\u00e3o de Caruaru"},"content":{"rendered":"<p>A Secretaria de Desenvolvimento Social e Direitos Humanos (SDSDH) e Ger\u00eancia de Promo\u00e7\u00e3o e Defesa dos Direitos, realizou a 3\u00aa edi\u00e7\u00e3o do Polo da Inclus\u00e3o no S\u00e3o Jo\u00e3o. Esta iniciativa conta com o apoio log\u00edstico da Funda\u00e7\u00e3o de Cultura de Caruaru e surge como resultado de di\u00e1logos entre representantes de pessoas com defici\u00eancia do munic\u00edpio e o Servi\u00e7o de Inclus\u00e3o Social para Pessoa com Defici\u00eancia (SISPD).<\/p>\n<p>O evento, que aconteceu neste s\u00e1bado (8), no Polo das Quadrilhas, teve como objetivo dar visibilidade aos artistas com defici\u00eancia nas festividades juninas em Caruaru, promovendo a conscientiza\u00e7\u00e3o e a inclus\u00e3o desses artistas em espa\u00e7os de cultura e lazer. Esta a\u00e7\u00e3o refor\u00e7a as pol\u00edticas p\u00fablicas de inclus\u00e3o e acessibilidade desenvolvidas pela prefeitura de Caruaru, destacando o talento e a participa\u00e7\u00e3o ativa das pessoas com defici\u00eancia na cultura local. A programa\u00e7\u00e3o contou com a participa\u00e7\u00e3o da Banda de P\u00edfanos da Inclus\u00e3o e Banda Segnos. <\/p>\n<p>\u201cNosso objetivo  \u00e9 dar visibilidade aos talentos de artistas com defici\u00eancia, promover a inclus\u00e3o e garantir que todos possam desfrutar e participar ativamente de nossas festividades juninas. A cultura \u00e9 um direito de todos, e \u00e9 nosso dever assegurar que cada indiv\u00edduo tenha a oportunidade de se expressar\u201d, disse a gerente de Promo\u00e7\u00e3o e Defesa dos Direitos Humanos, Tamyres Silva. Foto: Jorge Farias\/Secom<br \/>\nSeja seguidor do Instagram do Blog @blogdoedvaldomagalhaes<\/p>\n","protected":false},"excerpt":{"rendered":"<p>A Secretaria de Desenvolvimento Social e Direitos Humanos (SDSDH) e Ger\u00eancia de Promo\u00e7\u00e3o e Defesa dos Direitos, realizou a 3\u00aa&hellip;<\/p>\n","protected":false},"author":1,"featured_media":109256,"comment_status":"closed","ping_status":"open","sticky":false,"template":"","format":"standard","meta":{"footnotes":""},"categories":[14120],"tags":[30751,30592,27410,2,28801],"class_list":["post-109255","post","type-post","status-publish","format-standard","has-post-thumbnail","hentry","category-noticias","tag-3a-edicao-do-polo-da-inclusao-no-sao-joao-de-caruaru","tag-blog-com-mais-seguidores","tag-blog-de-caruaru","tag-blog-do-edvaldo-magalhaes","tag-blog-mais-acessado"],"_links":{"self":[{"href":"https:\/\/blogdoedvaldomagalhaes.com.br\/index.php\/wp-json\/wp\/v2\/posts\/109255","targetHints":{"allow":["GET"]}}],"collection":[{"href":"https:\/\/blogdoedvaldomagalhaes.com.br\/index.php\/wp-json\/wp\/v2\/posts"}],"about":[{"href":"https:\/\/blogdoedvaldomagalhaes.com.br\/index.php\/wp-json\/wp\/v2\/types\/post"}],"author":[{"embeddable":true,"href":"https:\/\/blogdoedvaldomagalhaes.com.br\/index.php\/wp-json\/wp\/v2\/users\/1"}],"replies":[{"embeddable":true,"href":"https:\/\/blogdoedvaldomagalhaes.com.br\/index.php\/wp-json\/wp\/v2\/comments?post=109255"}],"version-history":[{"count":1,"href":"https:\/\/blogdoedvaldomagalhaes.com.br\/index.php\/wp-json\/wp\/v2\/posts\/109255\/revisions"}],"predecessor-version":[{"id":109257,"href":"https:\/\/blogdoedvaldomagalhaes.com.br\/index.php\/wp-json\/wp\/v2\/posts\/109255\/revisions\/109257"}],"wp:featuredmedia":[{"embeddable":true,"href":"https:\/\/blogdoedvaldomagalhaes.com.br\/index.php\/wp-json\/wp\/v2\/media\/109256"}],"wp:attachment":[{"href":"https:\/\/blogdoedvaldomagalhaes.com.br\/index.php\/wp-json\/wp\/v2\/media?parent=109255"}],"wp:term":[{"taxonomy":"category","embeddable":true,"href":"https:\/\/blogdoedvaldomagalhaes.com.br\/index.php\/wp-json\/wp\/v2\/categories?post=109255"},{"taxonomy":"post_tag","embeddable":true,"href":"https:\/\/blogdoedvaldomagalhaes.com.br\/index.php\/wp-json\/wp\/v2\/tags?post=109255"}],"curies":[{"name":"wp","href":"https:\/\/api.w.org\/{rel}","templated":true}]}}