{"id":109252,"date":"2024-06-09T13:40:14","date_gmt":"2024-06-09T16:40:14","guid":{"rendered":"https:\/\/blogdoedvaldomagalhaes.com.br\/?p=109252"},"modified":"2024-06-09T13:40:14","modified_gmt":"2024-06-09T16:40:14","slug":"multidao-lota-patio-de-eventos-em-noite-de-shows-de-estreantes-e-veteranos-no-sao-joao-de-caruaru","status":"publish","type":"post","link":"https:\/\/blogdoedvaldomagalhaes.com.br\/index.php\/2024\/06\/09\/multidao-lota-patio-de-eventos-em-noite-de-shows-de-estreantes-e-veteranos-no-sao-joao-de-caruaru\/","title":{"rendered":"Multid\u00e3o lota P\u00e1tio de Eventos em noite de shows de estreantes e veteranos no S\u00e3o Jo\u00e3o de Caruaru"},"content":{"rendered":"<p>A quinta noite de shows no P\u00e1tio de Eventos Luiz Lua Gonzaga, assim como as outras, foi um sucesso e mostrou a raz\u00e3o pela qual Caruaru tem o Maior e Melhor S\u00e3o Jo\u00e3o do Mundo. O p\u00fablico chegou cedo e, horas antes da abertura dos port\u00f5es, longas filas se formaram, fazendo uma multid\u00e3o lotar o P\u00e1tio antes das 20h. No maior palco do S\u00e3o Jo\u00e3o de Caruaru, o s\u00e1bado (8) foi marcado por shows de estreantes e veteranos. <\/p>\n<p>O primeiro a se apresentar foi o cantor e compositor Batista Lima, que j\u00e1 \u00e9 figura certa no festejo junino mais famoso do mundo. Com muita simpatia, ele cantou in\u00fameros sucessos para os forrozeiros e forrozeiras que foram prestigi\u00e1-lo. \u201cQue felicidade ser convidado por mais um ano para estar nessa festa. Est\u00e1 tudo lindo, desde a recep\u00e7\u00e3o da equipe dos bastidores at\u00e9 a ornamenta\u00e7\u00e3o. Sou suspeito para falar de Caruaru, porque eu amo demais esta terra\u201d, afirmou Batista. <\/p>\n<p>Em seguida, a dupla sertaneja Henrique e Juliano, natural do estado do Tocantins, aportou no Maior e Melhor S\u00e3o Jo\u00e3o do Mundo pela primeira vez e ficou impressionada com as milhares de pessoas que foram assistir a este show de estreia no P\u00e1tio de Eventos. \u201cEsse palco e esse S\u00e3o Jo\u00e3o s\u00e3o desejados por muitos artistas do Brasil e a gente teve a honra de se apresentar nesse evento incr\u00edvel. O P\u00e1tio est\u00e1 lotado, casa cheia, o p\u00fablico participou do in\u00edcio ao fim, cantou todas as nossas m\u00fasicas e isso \u00e9 incr\u00edvel\u201d, celebrou a dupla. <\/p>\n<p>Assim como Batista Lima, o baiano Bell Marques j\u00e1 se apresentou in\u00fameras vezes no S\u00e3o Jo\u00e3o de Caruaru. De acordo com ele, mesmo com esta grande quantidade de shows, estar em Caruaru \u00e9 sempre especial. \u201cEu amo estar nessa terra e me apresentar no S\u00e3o Jo\u00e3o daqui. Cada show \u00e9 diferente. A energia do p\u00fablico se renova e me renova para estar nesse palco importante mais uma vez\u201d, destacou o cantor, compositor, produtor musical e multi-instrumentista. <\/p>\n<p>Quem encerrou a noite de shows foi Fael Mariz, que tamb\u00e9m estreou no palco do P\u00e1tio de Eventos. No S\u00e3o Jo\u00e3o 2023, o jovem esteve presente no Palco 360\u00b0. Com apenas 25 anos, o cantor \u00e9 uma das promessas do forr\u00f3 swingado, que n\u00e3o deixou ningu\u00e9m parado durante o show. \u201cPreparamos um show lindo para essa estreia. E fizemos com muito carinho para todos que marcaram presen\u00e7a nessa festa t\u00e3o grandiosa\u201d, afirmou. A maior festa de S\u00e3o Jo\u00e3o do mundo segue com uma programa\u00e7\u00e3o diversificada e multicultural at\u00e9 o dia 29 de junho.<br \/>\nFoto: Elvis \u00c9dson\/Secom\/PMC<br \/>\nSeja seguidor do Instagram do Blog, para comentar @blogdoedvaldomagalhaes<\/p>\n","protected":false},"excerpt":{"rendered":"<p>A quinta noite de shows no P\u00e1tio de Eventos Luiz Lua Gonzaga, assim como as outras, foi um sucesso e&hellip;<\/p>\n","protected":false},"author":1,"featured_media":109253,"comment_status":"closed","ping_status":"open","sticky":false,"template":"","format":"standard","meta":{"footnotes":""},"categories":[14120],"tags":[30253,30592,2,28801,30750],"class_list":["post-109252","post","type-post","status-publish","format-standard","has-post-thumbnail","hentry","category-noticias","tag-blog-caruaru","tag-blog-com-mais-seguidores","tag-blog-do-edvaldo-magalhaes","tag-blog-mais-acessado","tag-multidao-lota-patio-de-eventos-em-noite-de-shows-de-estreantes-e-veteranos-no-maior-palco-do-sao-joao-de-caruaru"],"_links":{"self":[{"href":"https:\/\/blogdoedvaldomagalhaes.com.br\/index.php\/wp-json\/wp\/v2\/posts\/109252","targetHints":{"allow":["GET"]}}],"collection":[{"href":"https:\/\/blogdoedvaldomagalhaes.com.br\/index.php\/wp-json\/wp\/v2\/posts"}],"about":[{"href":"https:\/\/blogdoedvaldomagalhaes.com.br\/index.php\/wp-json\/wp\/v2\/types\/post"}],"author":[{"embeddable":true,"href":"https:\/\/blogdoedvaldomagalhaes.com.br\/index.php\/wp-json\/wp\/v2\/users\/1"}],"replies":[{"embeddable":true,"href":"https:\/\/blogdoedvaldomagalhaes.com.br\/index.php\/wp-json\/wp\/v2\/comments?post=109252"}],"version-history":[{"count":1,"href":"https:\/\/blogdoedvaldomagalhaes.com.br\/index.php\/wp-json\/wp\/v2\/posts\/109252\/revisions"}],"predecessor-version":[{"id":109254,"href":"https:\/\/blogdoedvaldomagalhaes.com.br\/index.php\/wp-json\/wp\/v2\/posts\/109252\/revisions\/109254"}],"wp:featuredmedia":[{"embeddable":true,"href":"https:\/\/blogdoedvaldomagalhaes.com.br\/index.php\/wp-json\/wp\/v2\/media\/109253"}],"wp:attachment":[{"href":"https:\/\/blogdoedvaldomagalhaes.com.br\/index.php\/wp-json\/wp\/v2\/media?parent=109252"}],"wp:term":[{"taxonomy":"category","embeddable":true,"href":"https:\/\/blogdoedvaldomagalhaes.com.br\/index.php\/wp-json\/wp\/v2\/categories?post=109252"},{"taxonomy":"post_tag","embeddable":true,"href":"https:\/\/blogdoedvaldomagalhaes.com.br\/index.php\/wp-json\/wp\/v2\/tags?post=109252"}],"curies":[{"name":"wp","href":"https:\/\/api.w.org\/{rel}","templated":true}]}}