{"id":109240,"date":"2024-06-08T13:25:23","date_gmt":"2024-06-08T16:25:23","guid":{"rendered":"https:\/\/blogdoedvaldomagalhaes.com.br\/?p=109240"},"modified":"2024-06-08T13:25:24","modified_gmt":"2024-06-08T16:25:24","slug":"colisao-transversal-entre-carro-e-moto-em-caruaru","status":"publish","type":"post","link":"https:\/\/blogdoedvaldomagalhaes.com.br\/index.php\/2024\/06\/08\/colisao-transversal-entre-carro-e-moto-em-caruaru\/","title":{"rendered":"Colis\u00e3o transversal entre carro e moto em Caruaru"},"content":{"rendered":"<p>Por volta das 7h da manh\u00e3 deste s\u00e1bado (08.06) ocorreu um sinistro de tr\u00e2nsito no km 65 da BR 104, em Caruaru.<\/p>\n<p>Foi uma colis\u00e3o transversal entre um carro e uma moto. De acordo com populares, o carro teria avan\u00e7ado o sinal vermelho.<\/p>\n<p>O condutor da moto ficou ferido e foi encaminhado para um hospital particular (Unimed).<\/p>\n<p>O motorista do carro n\u00e3o estava no local quando a viatura da PRF chegou.<br \/>\nFoto: Divulga\u00e7\u00e3o\/PRF<br \/>\nSeja seguidor do Instagram do Blog @blogdoedvaldomagalhaes<\/p>\n","protected":false},"excerpt":{"rendered":"<p>Por volta das 7h da manh\u00e3 deste s\u00e1bado (08.06) ocorreu um sinistro de tr\u00e2nsito no km 65 da BR 104,&hellip;<\/p>\n","protected":false},"author":1,"featured_media":109241,"comment_status":"closed","ping_status":"open","sticky":false,"template":"","format":"standard","meta":{"footnotes":""},"categories":[14121],"tags":[14276,30253,29440,13146,28801,30746],"class_list":["post-109240","post","type-post","status-publish","format-standard","has-post-thumbnail","hentry","category-policial","tag-acidente","tag-blog-caruaru","tag-blog-com-mais-visualizacao","tag-blog-edvaldo-magalhaes","tag-blog-mais-acessado","tag-colisao-transversal-entre-carro-e-moto-em-caruaru"],"_links":{"self":[{"href":"https:\/\/blogdoedvaldomagalhaes.com.br\/index.php\/wp-json\/wp\/v2\/posts\/109240","targetHints":{"allow":["GET"]}}],"collection":[{"href":"https:\/\/blogdoedvaldomagalhaes.com.br\/index.php\/wp-json\/wp\/v2\/posts"}],"about":[{"href":"https:\/\/blogdoedvaldomagalhaes.com.br\/index.php\/wp-json\/wp\/v2\/types\/post"}],"author":[{"embeddable":true,"href":"https:\/\/blogdoedvaldomagalhaes.com.br\/index.php\/wp-json\/wp\/v2\/users\/1"}],"replies":[{"embeddable":true,"href":"https:\/\/blogdoedvaldomagalhaes.com.br\/index.php\/wp-json\/wp\/v2\/comments?post=109240"}],"version-history":[{"count":1,"href":"https:\/\/blogdoedvaldomagalhaes.com.br\/index.php\/wp-json\/wp\/v2\/posts\/109240\/revisions"}],"predecessor-version":[{"id":109242,"href":"https:\/\/blogdoedvaldomagalhaes.com.br\/index.php\/wp-json\/wp\/v2\/posts\/109240\/revisions\/109242"}],"wp:featuredmedia":[{"embeddable":true,"href":"https:\/\/blogdoedvaldomagalhaes.com.br\/index.php\/wp-json\/wp\/v2\/media\/109241"}],"wp:attachment":[{"href":"https:\/\/blogdoedvaldomagalhaes.com.br\/index.php\/wp-json\/wp\/v2\/media?parent=109240"}],"wp:term":[{"taxonomy":"category","embeddable":true,"href":"https:\/\/blogdoedvaldomagalhaes.com.br\/index.php\/wp-json\/wp\/v2\/categories?post=109240"},{"taxonomy":"post_tag","embeddable":true,"href":"https:\/\/blogdoedvaldomagalhaes.com.br\/index.php\/wp-json\/wp\/v2\/tags?post=109240"}],"curies":[{"name":"wp","href":"https:\/\/api.w.org\/{rel}","templated":true}]}}