{"id":109234,"date":"2024-06-08T13:07:49","date_gmt":"2024-06-08T16:07:49","guid":{"rendered":"https:\/\/blogdoedvaldomagalhaes.com.br\/?p=109234"},"modified":"2024-06-08T13:09:29","modified_gmt":"2024-06-08T16:09:29","slug":"artesanato-e-empreendedorismo-feminino-sao-destaques-na-estacao-ferroviaria-no-sao-joao-de-caruaru","status":"publish","type":"post","link":"https:\/\/blogdoedvaldomagalhaes.com.br\/index.php\/2024\/06\/08\/artesanato-e-empreendedorismo-feminino-sao-destaques-na-estacao-ferroviaria-no-sao-joao-de-caruaru\/","title":{"rendered":"Artesanato e empreendedorismo feminino s\u00e3o destaques na Esta\u00e7\u00e3o Ferrovi\u00e1ria no S\u00e3o Jo\u00e3o de Caruaru"},"content":{"rendered":"<p>Quem vem passear pela Esta\u00e7\u00e3o n\u00e3o pode deixar de conhecer o Mercado de Artesanato, um destino imperd\u00edvel para aqueles que desejam levar uma lembrancinha especial do S\u00e3o Jo\u00e3o de Caruaru para parentes e amigos.Localizado na Esta\u00e7\u00e3o Ferrovi\u00e1ria, o Mercado de Artesanato \u00e9 tamb\u00e9m o palco da Feira da Mulher Empreendedora, um espa\u00e7o que celebra a diversidade e a criatividade das mulheres empreendedoras de Caruaru. Com funcionamento de quarta a sexta-feira, das 18h \u00e0 0h, e aos s\u00e1bados e domingos, das 17h \u00e0 0h, o mercado conta com a participa\u00e7\u00e3o rotativa de aproximadamente 36 talentosas empreendedoras diariamente.No cora\u00e7\u00e3o do mercado, oito barracas oferecem uma ampla gama de produtos que v\u00e3o desde artesanato e vestu\u00e1rio at\u00e9 decora\u00e7\u00e3o e gastronomia. Cada pe\u00e7a e produto \u00e9 um testemunho da rica cultura e do talento local, proporcionando aos visitantes uma experi\u00eancia \u00fanica.A Feira da Mulher Empreendedora tem como objetivo n\u00e3o apenas fomentar a economia local, mas tamb\u00e9m destacar a import\u00e2ncia das mulheres no cen\u00e1rio empreendedor do munic\u00edpio. \u201c\u00c9 muito importante para a mulher empreendedora ter esse espa\u00e7o para poder mostrar sua arte, empreender, ter sua autonomia e independ\u00eancia. Al\u00e9m disso, em Caruaru, a gente tem cultura, tem arte, isso precisa ser mostrado\u201d, disse a empreendedora Ta\u00eds Maria.<br \/>Foto: Felipe Correia\/Secom\/PMC.<br \/>Seja seguidor do Instagram do Blog @blogdoedvaldomagalhaes<img loading=\"lazy\" decoding=\"async\" class=\"wp-image-109237 alignnone size-full\" src=\"https:\/\/blogdoedvaldomagalhaes.com.br\/wp-content\/uploads\/2024\/06\/img-20240531-wa04111100762342372032966.jpg\" width=\"1284\" height=\"1595\" srcset=\"https:\/\/blogdoedvaldomagalhaes.com.br\/wp-content\/uploads\/2024\/06\/img-20240531-wa04111100762342372032966.jpg 1284w, https:\/\/blogdoedvaldomagalhaes.com.br\/wp-content\/uploads\/2024\/06\/img-20240531-wa04111100762342372032966-242x300.jpg 242w, https:\/\/blogdoedvaldomagalhaes.com.br\/wp-content\/uploads\/2024\/06\/img-20240531-wa04111100762342372032966-824x1024.jpg 824w, https:\/\/blogdoedvaldomagalhaes.com.br\/wp-content\/uploads\/2024\/06\/img-20240531-wa04111100762342372032966-768x954.jpg 768w, https:\/\/blogdoedvaldomagalhaes.com.br\/wp-content\/uploads\/2024\/06\/img-20240531-wa04111100762342372032966-1237x1536.jpg 1237w\" sizes=\"auto, (max-width: 1284px) 100vw, 1284px\" \/><img decoding=\"async\" class=\"size-full\" data-wpid=\"1614\" src=\"https:\/\/blogdoedvaldomagalhaes.com.br\/wp-content\/uploads\/2024\/06\/img-20240530-wa00555234225358898300836.jpg\" \/><\/p>\n","protected":false},"excerpt":{"rendered":"<p>Quem vem passear pela Esta\u00e7\u00e3o n\u00e3o pode deixar de conhecer o Mercado de Artesanato, um destino imperd\u00edvel para aqueles que&hellip;<\/p>\n","protected":false},"author":1,"featured_media":109235,"comment_status":"closed","ping_status":"open","sticky":false,"template":"","format":"standard","meta":{"footnotes":""},"categories":[14120],"tags":[30745,30592,27410,2,28801],"class_list":["post-109234","post","type-post","status-publish","format-standard","has-post-thumbnail","hentry","category-noticias","tag-artesanato-e-empreendedorismo-feminino-sao-destaques-na-estacao-ferroviaria-no-sao-joao-de-caruaru","tag-blog-com-mais-seguidores","tag-blog-de-caruaru","tag-blog-do-edvaldo-magalhaes","tag-blog-mais-acessado"],"_links":{"self":[{"href":"https:\/\/blogdoedvaldomagalhaes.com.br\/index.php\/wp-json\/wp\/v2\/posts\/109234","targetHints":{"allow":["GET"]}}],"collection":[{"href":"https:\/\/blogdoedvaldomagalhaes.com.br\/index.php\/wp-json\/wp\/v2\/posts"}],"about":[{"href":"https:\/\/blogdoedvaldomagalhaes.com.br\/index.php\/wp-json\/wp\/v2\/types\/post"}],"author":[{"embeddable":true,"href":"https:\/\/blogdoedvaldomagalhaes.com.br\/index.php\/wp-json\/wp\/v2\/users\/1"}],"replies":[{"embeddable":true,"href":"https:\/\/blogdoedvaldomagalhaes.com.br\/index.php\/wp-json\/wp\/v2\/comments?post=109234"}],"version-history":[{"count":2,"href":"https:\/\/blogdoedvaldomagalhaes.com.br\/index.php\/wp-json\/wp\/v2\/posts\/109234\/revisions"}],"predecessor-version":[{"id":109239,"href":"https:\/\/blogdoedvaldomagalhaes.com.br\/index.php\/wp-json\/wp\/v2\/posts\/109234\/revisions\/109239"}],"wp:featuredmedia":[{"embeddable":true,"href":"https:\/\/blogdoedvaldomagalhaes.com.br\/index.php\/wp-json\/wp\/v2\/media\/109235"}],"wp:attachment":[{"href":"https:\/\/blogdoedvaldomagalhaes.com.br\/index.php\/wp-json\/wp\/v2\/media?parent=109234"}],"wp:term":[{"taxonomy":"category","embeddable":true,"href":"https:\/\/blogdoedvaldomagalhaes.com.br\/index.php\/wp-json\/wp\/v2\/categories?post=109234"},{"taxonomy":"post_tag","embeddable":true,"href":"https:\/\/blogdoedvaldomagalhaes.com.br\/index.php\/wp-json\/wp\/v2\/tags?post=109234"}],"curies":[{"name":"wp","href":"https:\/\/api.w.org\/{rel}","templated":true}]}}