{"id":109231,"date":"2024-06-08T12:49:51","date_gmt":"2024-06-08T15:49:51","guid":{"rendered":"https:\/\/blogdoedvaldomagalhaes.com.br\/?p=109231"},"modified":"2024-06-08T13:01:08","modified_gmt":"2024-06-08T16:01:08","slug":"ruas-e-avenidas-de-caruaru-serao-bloqueadas-para-corrida-neste-domingo-9","status":"publish","type":"post","link":"https:\/\/blogdoedvaldomagalhaes.com.br\/index.php\/2024\/06\/08\/ruas-e-avenidas-de-caruaru-serao-bloqueadas-para-corrida-neste-domingo-9\/","title":{"rendered":"Ruas e avenidas de Caruaru ser\u00e3o bloqueadas para corrida neste domingo (9)"},"content":{"rendered":"<p>A Autarquia de Mobilidade, Tr\u00e2nsito e Transporte de Caruaru (AMTTC), informa que a partir das 6h da manh\u00e3 deste domingo (9), a av. Agamenon Magalh\u00e3es nos dois sentidos, a av. Rio Branco, a rua Frei Caneca e a av. Cleto Campelo estar\u00e3o interditadas em virtude da corrida Music Running. Informa ainda que, as demais ruas nas imedia\u00e7\u00f5es tamb\u00e9m estar\u00e3o com bloqueios para controle de fluxo. <\/p>\n<p>Enquanto os corredores forem passando pelo trajeto e completando o percurso, as vias ser\u00e3o desbloqueadas voltando a normalidade. Est\u00e1 previsto o termino do evento para \u00e0s 11h. \u00c9 prefer\u00edvel que os condutores que precisam passar por essas vias busquem rotas de desvio.<\/p>\n<p>Segue nome das ruas e avenidas que estar\u00e3o com bloqueios:<\/p>\n<p>av. Rui Barbosa<br \/>\nrua coronel Francisco dos Santos<br \/>\nrua Floriano Peixoto<br \/>\nav. Rio Branco<br \/>\ntravessa Rio Branco<br \/>\ntravessa Jo\u00e3o Cond\u00e9<br \/>\nrua Jo\u00e3o Cond\u00e9<br \/>\nrua mestre Pedro<br \/>\nrua Cleto Campelo<br \/>\nrua Belmiro Pereira<br \/>\nrua Dom Sebasti\u00e3o Leme<br \/>\nav. Oswaldo Cruz<br \/>\nrua Professor Jos\u00e9 Le\u00e3o<br \/>\nrua Deolindo Tavares<br \/>\nrua Jo\u00e3o Cursino<br \/>\nrua S\u00e3o Gabriel<br \/>\nrua Marcionilo Francisco da Silva<br \/>\nrua senador Ant\u00f4nio Jos\u00e9 de Lima<br \/>\nav. Agamenon Magalh\u00e3es<br \/>\nrua Raul Paranhos<br \/>\nrua doutor Jos\u00e9 Paes<br \/>\ntravessa Raul Paranhos<br \/>\n2a travessa Raul Paranhos<br \/>\nrua Aires da Cunha<br \/>\nrua Gon\u00e7alo Coelho<br \/>\nrua Visconde de Inha\u00fama<br \/>\nrua Francisca Lira Flor\u00eancio<br \/>\nrua Gon\u00e7alves Dias<br \/>\nrua Bar\u00e3o de Porto seguro<br \/>\nav. Osvaldo Cruz<br \/>\nSeja seguidor do Instagram do Blog @blogdoedvaldomagalhaes<\/p>\n","protected":false},"excerpt":{"rendered":"<p>A Autarquia de Mobilidade, Tr\u00e2nsito e Transporte de Caruaru (AMTTC), informa que a partir das 6h da manh\u00e3 deste domingo&hellip;<\/p>\n","protected":false},"author":1,"featured_media":109233,"comment_status":"closed","ping_status":"open","sticky":false,"template":"","format":"standard","meta":{"footnotes":""},"categories":[14120],"tags":[30592,27410,2,28801,30744],"class_list":["post-109231","post","type-post","status-publish","format-standard","has-post-thumbnail","hentry","category-noticias","tag-blog-com-mais-seguidores","tag-blog-de-caruaru","tag-blog-do-edvaldo-magalhaes","tag-blog-mais-acessado","tag-ruas-e-avenidas-de-caruaru-serao-bloqueadas-para-corrida-music-running-neste-domingo-9"],"_links":{"self":[{"href":"https:\/\/blogdoedvaldomagalhaes.com.br\/index.php\/wp-json\/wp\/v2\/posts\/109231","targetHints":{"allow":["GET"]}}],"collection":[{"href":"https:\/\/blogdoedvaldomagalhaes.com.br\/index.php\/wp-json\/wp\/v2\/posts"}],"about":[{"href":"https:\/\/blogdoedvaldomagalhaes.com.br\/index.php\/wp-json\/wp\/v2\/types\/post"}],"author":[{"embeddable":true,"href":"https:\/\/blogdoedvaldomagalhaes.com.br\/index.php\/wp-json\/wp\/v2\/users\/1"}],"replies":[{"embeddable":true,"href":"https:\/\/blogdoedvaldomagalhaes.com.br\/index.php\/wp-json\/wp\/v2\/comments?post=109231"}],"version-history":[{"count":1,"href":"https:\/\/blogdoedvaldomagalhaes.com.br\/index.php\/wp-json\/wp\/v2\/posts\/109231\/revisions"}],"predecessor-version":[{"id":109232,"href":"https:\/\/blogdoedvaldomagalhaes.com.br\/index.php\/wp-json\/wp\/v2\/posts\/109231\/revisions\/109232"}],"wp:featuredmedia":[{"embeddable":true,"href":"https:\/\/blogdoedvaldomagalhaes.com.br\/index.php\/wp-json\/wp\/v2\/media\/109233"}],"wp:attachment":[{"href":"https:\/\/blogdoedvaldomagalhaes.com.br\/index.php\/wp-json\/wp\/v2\/media?parent=109231"}],"wp:term":[{"taxonomy":"category","embeddable":true,"href":"https:\/\/blogdoedvaldomagalhaes.com.br\/index.php\/wp-json\/wp\/v2\/categories?post=109231"},{"taxonomy":"post_tag","embeddable":true,"href":"https:\/\/blogdoedvaldomagalhaes.com.br\/index.php\/wp-json\/wp\/v2\/tags?post=109231"}],"curies":[{"name":"wp","href":"https:\/\/api.w.org\/{rel}","templated":true}]}}