{"id":109227,"date":"2024-06-08T10:43:15","date_gmt":"2024-06-08T13:43:15","guid":{"rendered":"https:\/\/blogdoedvaldomagalhaes.com.br\/?p=109227"},"modified":"2024-06-08T10:43:16","modified_gmt":"2024-06-08T13:43:16","slug":"4a-noite-do-patio-de-eventos-marcada-por-shows-de-joelma-elba-zezo-rai-e-luan","status":"publish","type":"post","link":"https:\/\/blogdoedvaldomagalhaes.com.br\/index.php\/2024\/06\/08\/4a-noite-do-patio-de-eventos-marcada-por-shows-de-joelma-elba-zezo-rai-e-luan\/","title":{"rendered":"4\u00aa noite do P\u00e1tio de Eventos marcada por shows de Joelma, Elba, Zezo, Ra\u00ed e Luan"},"content":{"rendered":"<p>A quarta noite de programa\u00e7\u00e3o do P\u00e1tio de Eventos Luiz Lua Gonzaga, nesta sexta-feira (06), no Maior e Melhor S\u00e3o Jo\u00e3o do Mundo 2024, ficou marcada pela anima\u00e7\u00e3o de tr\u00eas shows bastante aguardados pelo p\u00fablico: Joelma, Elba Ramalho, al\u00e9m do projeto \u00c0 Vontade, este \u00faltimo, comandado pelos cantores Ra\u00ed, Zezo Potiguar e Luan Estilizado.<\/p>\n<p>A paraense mais pernambucana de todas, Joelma, abriu a s\u00e9rie de apresenta\u00e7\u00f5es com os sucessos da sua turn\u00ea &#8220;Isso \u00e9 Calypso&#8221;. Antes de subir ao palco, ela comentou sobre a import\u00e2ncia de cantar para a festa junina mais tradicional do pa\u00eds.<\/p>\n<p>&#8220;Tenho um carinho enorme por este evento, que a cada ano se consolida como um dos melhores do Brasil. Al\u00e9m de can\u00e7\u00f5es da turn\u00ea, trouxemos um repert\u00f3rio repleto de muitos forr\u00f3s&#8221;, destacou.<\/p>\n<p>E por falar em bastante forr\u00f3s, quem mais uma vez deu um verdadeiro show foi a para\u00edbana Elba Ramalho. &#8220;Me apresento h\u00e1 v\u00e1rios anos no P\u00e1tio de Eventos, mas o friozinho na barriga nunca deixa de passar. Cantar em Caruaru \u00e9 sempre especial!&#8221;, comentou.<\/p>\n<p>Fechando a programa\u00e7\u00e3o, os cantores Ra\u00ed, Luan e Zezo levaram a multid\u00e3o presente a cantar em coro a v\u00e1rios sucessos de \u00e9pocas e ritmos diferentes sob a &#8216;pisada&#8217; do forr\u00f3.<\/p>\n<p>A programa\u00e7\u00e3o no polo principal do S\u00e3o Jo\u00e3o 2024 da Capital do Forr\u00f3 prossegue, neste s\u00e1bado (07), com os shows de Batista Lima, Bell Marques, Henrique e Juliano, al\u00e9m de Fael Mariz.<br \/>\nFoto: Divulga\u00e7\u00e3o\/Secom\/PMC<br \/>\nSeja seguidor do Instagram do Blog @blogdoedvaldomagalhaes<\/p>\n","protected":false},"excerpt":{"rendered":"<p>A quarta noite de programa\u00e7\u00e3o do P\u00e1tio de Eventos Luiz Lua Gonzaga, nesta sexta-feira (06), no Maior e Melhor S\u00e3o&hellip;<\/p>\n","protected":false},"author":1,"featured_media":109228,"comment_status":"closed","ping_status":"open","sticky":false,"template":"","format":"standard","meta":{"footnotes":""},"categories":[14120],"tags":[30740,30592,27410,2,28801,3406,30741,30743,30742,6758,4182],"class_list":["post-109227","post","type-post","status-publish","format-standard","has-post-thumbnail","hentry","category-noticias","tag-4a-noite-do-patio-de-eventos-marcada-por-shows-de-joelma","tag-blog-com-mais-seguidores","tag-blog-de-caruaru","tag-blog-do-edvaldo-magalhaes","tag-blog-mais-acessado","tag-caruaru","tag-elba","tag-luan","tag-rai","tag-sao-joao","tag-zezo"],"_links":{"self":[{"href":"https:\/\/blogdoedvaldomagalhaes.com.br\/index.php\/wp-json\/wp\/v2\/posts\/109227","targetHints":{"allow":["GET"]}}],"collection":[{"href":"https:\/\/blogdoedvaldomagalhaes.com.br\/index.php\/wp-json\/wp\/v2\/posts"}],"about":[{"href":"https:\/\/blogdoedvaldomagalhaes.com.br\/index.php\/wp-json\/wp\/v2\/types\/post"}],"author":[{"embeddable":true,"href":"https:\/\/blogdoedvaldomagalhaes.com.br\/index.php\/wp-json\/wp\/v2\/users\/1"}],"replies":[{"embeddable":true,"href":"https:\/\/blogdoedvaldomagalhaes.com.br\/index.php\/wp-json\/wp\/v2\/comments?post=109227"}],"version-history":[{"count":1,"href":"https:\/\/blogdoedvaldomagalhaes.com.br\/index.php\/wp-json\/wp\/v2\/posts\/109227\/revisions"}],"predecessor-version":[{"id":109229,"href":"https:\/\/blogdoedvaldomagalhaes.com.br\/index.php\/wp-json\/wp\/v2\/posts\/109227\/revisions\/109229"}],"wp:featuredmedia":[{"embeddable":true,"href":"https:\/\/blogdoedvaldomagalhaes.com.br\/index.php\/wp-json\/wp\/v2\/media\/109228"}],"wp:attachment":[{"href":"https:\/\/blogdoedvaldomagalhaes.com.br\/index.php\/wp-json\/wp\/v2\/media?parent=109227"}],"wp:term":[{"taxonomy":"category","embeddable":true,"href":"https:\/\/blogdoedvaldomagalhaes.com.br\/index.php\/wp-json\/wp\/v2\/categories?post=109227"},{"taxonomy":"post_tag","embeddable":true,"href":"https:\/\/blogdoedvaldomagalhaes.com.br\/index.php\/wp-json\/wp\/v2\/tags?post=109227"}],"curies":[{"name":"wp","href":"https:\/\/api.w.org\/{rel}","templated":true}]}}