{"id":109219,"date":"2024-06-08T09:30:26","date_gmt":"2024-06-08T12:30:26","guid":{"rendered":"https:\/\/blogdoedvaldomagalhaes.com.br\/?p=109219"},"modified":"2024-06-08T09:35:13","modified_gmt":"2024-06-08T12:35:13","slug":"cinco-festas-de-comidas-gigantes-em-caruaru-neste-fim-de-semana-confira","status":"publish","type":"post","link":"https:\/\/blogdoedvaldomagalhaes.com.br\/index.php\/2024\/06\/08\/cinco-festas-de-comidas-gigantes-em-caruaru-neste-fim-de-semana-confira\/","title":{"rendered":"Cinco festas de comidas gigantes em Caruaru neste fim de semana; Confira"},"content":{"rendered":"<p>Cinco festas de comidas gigantes ser\u00e3o realizadas neste fim de semana no S\u00e3o Jo\u00e3o de Caruaru. Confira:<\/p>\n<p>A Festa do Maior P\u00e9 de Moleque do Mundo, ser\u00e1 realizada a partir das 19h, na frente da Igreja Nossa Senhora Aparecida, no bairro Rendeiras, e \u00e9 realizada por dona Maria do Bolo e familiares.<\/p>\n<p>A Festa do Maior Cozido de Milho do Mundo na Manteiga de Garrafa, ser\u00e1 na Pra\u00e7a Geraldo Borba, no bairro Petr\u00f3polis, s\u00e3o esperadas mais de 4 mil pessoas para a festa. O milho come\u00e7a a ser servido a partir das 19h e o evento conta com apresenta\u00e7\u00f5es de banda de p\u00edfanos, trio p\u00e9 de serra e uma banda de forr\u00f3 tradicional. Ser\u00e3o utilizados 25 litros de manteiga. \u00a0O organizador \u00e9 Ant\u00f4nio Ramos.<\/p>\n<p>A festa do Maior Quent\u00e3o foi criada por dona Creuza Ferreira, hoje falecida, que sempre preparou o quent\u00e3o em Garanhuns, onde ficou conhecida nos Festivais de Inverno. Em 1999 a fam\u00edlia veio morar no bairro riach\u00e3o, em Caruaru. Hoje a festa anima os moradores do bairro Cidade Alta e bairros vizinhos, com muito forr\u00f3 p\u00e9 de serra e degusta\u00e7\u00e3o da bebida mais quente do S\u00e3o Jo\u00e3o de Caruaru, a partir das 19h. A organizadora \u00e9 Marleide Ferreira.<\/p>\n<p>A quarta edi\u00e7\u00e3o do Bolo Engorda Marido ser\u00e1 no Bairro Salgado, a partir das 18h. O evento contar\u00e1 a participa\u00e7\u00e3o do Trio P\u00e9 de Serra Carrapicho, Companhia de dan\u00e7a Fl\u00e1vio Barbosa, Banda de P\u00edfanos Nossa Senhora das Gra\u00e7as, Batalh\u00e3o de Bacamarteiro 28, apresenta\u00e7\u00e3o da Quadrilha Vida Ativa e muito mais. A ideia, que surgiu em 2019 em uma conversa descontra\u00edda das irm\u00e3s, Nici e Juci, ganhou as ruas do bairro. Em sua quarta edi\u00e7\u00e3o, a comida tem, ao todo, nove metros de comprimento e pesa quase 200 quilos. Ser\u00e1 usado 40 quilos de trigo, 40 quilos de a\u00e7\u00facar, 30 de coco ralado, 20 de margarida, dez quilos de leite em p\u00f3, 40 litros de leite de coco e mais de 200 ovos. Para o preparo, as irm\u00e3s t\u00eam ajuda de vizinhos e amigos. Os homenageados desse ano ser\u00e3o Adriano Decorador e Neide Fot\u00f3grafa, personalidades do bairro que ajudam bastante no desenvolvimento econ\u00f4mico do Salgado, organizadora Nice Silva \u2026<\/p>\n<p>No domingo, ser\u00e1 realizada a caminhada e em seguida a degusta\u00e7\u00e3o do maior cuscuz do mundo, no distrito industrial, a partir do meio dia. Foto: Reprodu\u00e7\u00e3o.<\/p>\n<p>Seja seguidor do Instagram do Blog @blogdoedvaldomagalhaes<\/p>\n\n\n<figure class=\"wp-block-image size-large\"><img loading=\"lazy\" decoding=\"async\" width=\"576\" height=\"1024\" src=\"https:\/\/blogdoedvaldomagalhaes.com.br\/wp-content\/uploads\/2024\/06\/img-20240530-wa00552468775327338915184-576x1024.jpg\" alt=\"\" class=\"wp-image-109055\" srcset=\"https:\/\/blogdoedvaldomagalhaes.com.br\/wp-content\/uploads\/2024\/06\/img-20240530-wa00552468775327338915184-576x1024.jpg 576w, https:\/\/blogdoedvaldomagalhaes.com.br\/wp-content\/uploads\/2024\/06\/img-20240530-wa00552468775327338915184-169x300.jpg 169w, https:\/\/blogdoedvaldomagalhaes.com.br\/wp-content\/uploads\/2024\/06\/img-20240530-wa00552468775327338915184-768x1365.jpg 768w, https:\/\/blogdoedvaldomagalhaes.com.br\/wp-content\/uploads\/2024\/06\/img-20240530-wa00552468775327338915184-864x1536.jpg 864w, https:\/\/blogdoedvaldomagalhaes.com.br\/wp-content\/uploads\/2024\/06\/img-20240530-wa00552468775327338915184.jpg 900w\" sizes=\"auto, (max-width: 576px) 100vw, 576px\" \/><\/figure>\n\n\n\n<figure class=\"wp-block-image size-large\"><img loading=\"lazy\" decoding=\"async\" width=\"824\" height=\"1024\" src=\"https:\/\/blogdoedvaldomagalhaes.com.br\/wp-content\/uploads\/2024\/06\/img-20240531-wa04113316462263577772478-824x1024.jpg\" alt=\"\" class=\"wp-image-109048\" srcset=\"https:\/\/blogdoedvaldomagalhaes.com.br\/wp-content\/uploads\/2024\/06\/img-20240531-wa04113316462263577772478-824x1024.jpg 824w, https:\/\/blogdoedvaldomagalhaes.com.br\/wp-content\/uploads\/2024\/06\/img-20240531-wa04113316462263577772478-242x300.jpg 242w, https:\/\/blogdoedvaldomagalhaes.com.br\/wp-content\/uploads\/2024\/06\/img-20240531-wa04113316462263577772478-768x954.jpg 768w, https:\/\/blogdoedvaldomagalhaes.com.br\/wp-content\/uploads\/2024\/06\/img-20240531-wa04113316462263577772478-1237x1536.jpg 1237w, https:\/\/blogdoedvaldomagalhaes.com.br\/wp-content\/uploads\/2024\/06\/img-20240531-wa04113316462263577772478.jpg 1284w\" sizes=\"auto, (max-width: 824px) 100vw, 824px\" \/><\/figure>\n","protected":false},"excerpt":{"rendered":"<p>Cinco festas de comidas gigantes ser\u00e3o realizadas neste fim de semana no S\u00e3o Jo\u00e3o de Caruaru. Confira: A Festa do&hellip;<\/p>\n","protected":false},"author":1,"featured_media":109220,"comment_status":"closed","ping_status":"open","sticky":false,"template":"","format":"standard","meta":{"footnotes":""},"categories":[14120],"tags":[30253,30592,13146,28801,6758],"class_list":["post-109219","post","type-post","status-publish","format-standard","has-post-thumbnail","hentry","category-noticias","tag-blog-caruaru","tag-blog-com-mais-seguidores","tag-blog-edvaldo-magalhaes","tag-blog-mais-acessado","tag-sao-joao"],"_links":{"self":[{"href":"https:\/\/blogdoedvaldomagalhaes.com.br\/index.php\/wp-json\/wp\/v2\/posts\/109219","targetHints":{"allow":["GET"]}}],"collection":[{"href":"https:\/\/blogdoedvaldomagalhaes.com.br\/index.php\/wp-json\/wp\/v2\/posts"}],"about":[{"href":"https:\/\/blogdoedvaldomagalhaes.com.br\/index.php\/wp-json\/wp\/v2\/types\/post"}],"author":[{"embeddable":true,"href":"https:\/\/blogdoedvaldomagalhaes.com.br\/index.php\/wp-json\/wp\/v2\/users\/1"}],"replies":[{"embeddable":true,"href":"https:\/\/blogdoedvaldomagalhaes.com.br\/index.php\/wp-json\/wp\/v2\/comments?post=109219"}],"version-history":[{"count":3,"href":"https:\/\/blogdoedvaldomagalhaes.com.br\/index.php\/wp-json\/wp\/v2\/posts\/109219\/revisions"}],"predecessor-version":[{"id":109223,"href":"https:\/\/blogdoedvaldomagalhaes.com.br\/index.php\/wp-json\/wp\/v2\/posts\/109219\/revisions\/109223"}],"wp:featuredmedia":[{"embeddable":true,"href":"https:\/\/blogdoedvaldomagalhaes.com.br\/index.php\/wp-json\/wp\/v2\/media\/109220"}],"wp:attachment":[{"href":"https:\/\/blogdoedvaldomagalhaes.com.br\/index.php\/wp-json\/wp\/v2\/media?parent=109219"}],"wp:term":[{"taxonomy":"category","embeddable":true,"href":"https:\/\/blogdoedvaldomagalhaes.com.br\/index.php\/wp-json\/wp\/v2\/categories?post=109219"},{"taxonomy":"post_tag","embeddable":true,"href":"https:\/\/blogdoedvaldomagalhaes.com.br\/index.php\/wp-json\/wp\/v2\/tags?post=109219"}],"curies":[{"name":"wp","href":"https:\/\/api.w.org\/{rel}","templated":true}]}}