{"id":109213,"date":"2024-06-07T16:09:55","date_gmt":"2024-06-07T19:09:55","guid":{"rendered":"https:\/\/blogdoedvaldomagalhaes.com.br\/?p=109213"},"modified":"2024-06-07T16:09:56","modified_gmt":"2024-06-07T19:09:56","slug":"patio-de-eventos-luiz-lua-gonzaga-e-tomado-por-multidao-de-fieis-em-momento-de-fe-e-adoracao-durante-a-noite-catolica","status":"publish","type":"post","link":"https:\/\/blogdoedvaldomagalhaes.com.br\/index.php\/2024\/06\/07\/patio-de-eventos-luiz-lua-gonzaga-e-tomado-por-multidao-de-fieis-em-momento-de-fe-e-adoracao-durante-a-noite-catolica\/","title":{"rendered":"P\u00e1tio de Eventos Luiz Lua Gonzaga \u00e9 tomado por multid\u00e3o de fi\u00e9is em momento de f\u00e9 e adora\u00e7\u00e3o durante a noite cat\u00f3lica"},"content":{"rendered":"<p>Como j\u00e1 \u00e9 tradi\u00e7\u00e3o, o Maior e Melhor S\u00e3o Jo\u00e3o do Mundo abre espa\u00e7o na programa\u00e7\u00e3o para momentos de f\u00e9 e adora\u00e7\u00e3o no P\u00e1tio de Eventos Luiz Lua Gonzaga. O primeiro deles aconteceu na noite da quinta-feira (6), com a noite cat\u00f3lica. A multid\u00e3o de fi\u00e9is que foi at\u00e9 o P\u00e1tio p\u00f4de prestigiar os shows de Albanita de C\u00e1ssia, Thiago Brado e Adriana Arydes, al\u00e9m de um momento de adora\u00e7\u00e3o, que emocionou a todos os presentes. <\/p>\n<p>A primeira a subir ao palco foi Albanita, que \u00e9 mission\u00e1ria, cantora e consagrada na Comunidade Cat\u00f3lica Restaura\u00e7\u00e3o. \u201c\u00c9 uma responsabilidade e uma alegria muito grande, por saber que o nome de Jesus est\u00e1 sendo exaltado. Eu estou muito feliz por mostrar o meu trabalho e a m\u00fasica que eu fa\u00e7o para engrandecer o nome do Senhor\u201d, ressaltou. <\/p>\n<p>O paranaense Thiago Brado foi a segunda atra\u00e7\u00e3o da noite. Al\u00e9m das m\u00fasicas religiosas, o cantor homenageou o S\u00e3o Jo\u00e3o do Nordeste ao se apresentar com um chap\u00e9u de palha, comum aos festejos juninos. \u201cEu amo vir para Caruaru. Estar aqui novamente \u00e9 um sonho, principalmente me apresentando no P\u00e1tio, em um momento t\u00e3o importante para os cat\u00f3licos\u201d, disse o cantor. <\/p>\n<p>Durante o show de Thiago Brado, representantes da Diocese de Caruaru, que \u00e9 liderada pelo Bispo Dom Jos\u00e9 Ruy, realizaram um momento de adora\u00e7\u00e3o ao Sant\u00edssimo no P\u00e1tio de Eventos. A adora\u00e7\u00e3o foi embalada pela m\u00fasica \u201cMinha Ess\u00eancia\u201d, uma das mais conhecidas do paranaense. <\/p>\n<p>Por fim, vinda de S\u00e3o Paulo, Adriana Arydes fechou a noite levando cl\u00e1ssicos da m\u00fasica cat\u00f3lica. \u201cEu amo festa junina, esse clima. Mas uma festa t\u00e3o grande, desse porte, \u00e9 a primeira vez que eu me apresento. Estou muito feliz de fazer parte disso tudo\u201d, finalizou a cantora.<br \/>\nFotos: Jorge Farias\/Secom\/PMC<br \/>\nSeja seguidor do Instagram do Blog @blogdoedvaldomagalhaes<\/p>\n","protected":false},"excerpt":{"rendered":"<p>Como j\u00e1 \u00e9 tradi\u00e7\u00e3o, o Maior e Melhor S\u00e3o Jo\u00e3o do Mundo abre espa\u00e7o na programa\u00e7\u00e3o para momentos de f\u00e9&hellip;<\/p>\n","protected":false},"author":1,"featured_media":109214,"comment_status":"closed","ping_status":"open","sticky":false,"template":"","format":"standard","meta":{"footnotes":""},"categories":[14120],"tags":[30592,27410,2,28801,3406,30737,6758],"class_list":["post-109213","post","type-post","status-publish","format-standard","has-post-thumbnail","hentry","category-noticias","tag-blog-com-mais-seguidores","tag-blog-de-caruaru","tag-blog-do-edvaldo-magalhaes","tag-blog-mais-acessado","tag-caruaru","tag-patio-de-eventos-luiz-lua-gonzaga-e-tomado-por-multidao-de-fieis-em-momento-de-fe-e-adoracao-durante-a-noite-catolica","tag-sao-joao"],"_links":{"self":[{"href":"https:\/\/blogdoedvaldomagalhaes.com.br\/index.php\/wp-json\/wp\/v2\/posts\/109213","targetHints":{"allow":["GET"]}}],"collection":[{"href":"https:\/\/blogdoedvaldomagalhaes.com.br\/index.php\/wp-json\/wp\/v2\/posts"}],"about":[{"href":"https:\/\/blogdoedvaldomagalhaes.com.br\/index.php\/wp-json\/wp\/v2\/types\/post"}],"author":[{"embeddable":true,"href":"https:\/\/blogdoedvaldomagalhaes.com.br\/index.php\/wp-json\/wp\/v2\/users\/1"}],"replies":[{"embeddable":true,"href":"https:\/\/blogdoedvaldomagalhaes.com.br\/index.php\/wp-json\/wp\/v2\/comments?post=109213"}],"version-history":[{"count":1,"href":"https:\/\/blogdoedvaldomagalhaes.com.br\/index.php\/wp-json\/wp\/v2\/posts\/109213\/revisions"}],"predecessor-version":[{"id":109215,"href":"https:\/\/blogdoedvaldomagalhaes.com.br\/index.php\/wp-json\/wp\/v2\/posts\/109213\/revisions\/109215"}],"wp:featuredmedia":[{"embeddable":true,"href":"https:\/\/blogdoedvaldomagalhaes.com.br\/index.php\/wp-json\/wp\/v2\/media\/109214"}],"wp:attachment":[{"href":"https:\/\/blogdoedvaldomagalhaes.com.br\/index.php\/wp-json\/wp\/v2\/media?parent=109213"}],"wp:term":[{"taxonomy":"category","embeddable":true,"href":"https:\/\/blogdoedvaldomagalhaes.com.br\/index.php\/wp-json\/wp\/v2\/categories?post=109213"},{"taxonomy":"post_tag","embeddable":true,"href":"https:\/\/blogdoedvaldomagalhaes.com.br\/index.php\/wp-json\/wp\/v2\/tags?post=109213"}],"curies":[{"name":"wp","href":"https:\/\/api.w.org\/{rel}","templated":true}]}}