{"id":109209,"date":"2024-06-07T15:57:16","date_gmt":"2024-06-07T18:57:16","guid":{"rendered":"https:\/\/blogdoedvaldomagalhaes.com.br\/?p=109209"},"modified":"2024-06-07T16:04:44","modified_gmt":"2024-06-07T19:04:44","slug":"avenida-e-vias-de-acesso-serao-interditadas-para-a-caminhada-do-maior-cuscuz-do-mundo-neste-domingo-09","status":"publish","type":"post","link":"https:\/\/blogdoedvaldomagalhaes.com.br\/index.php\/2024\/06\/07\/avenida-e-vias-de-acesso-serao-interditadas-para-a-caminhada-do-maior-cuscuz-do-mundo-neste-domingo-09\/","title":{"rendered":"Avenida e vias de acesso ser\u00e3o interditadas para a caminhada do Maior Cuscuz do Mundo, neste domingo (09)"},"content":{"rendered":"<p>A Autarquia de Mobilidade, Tr\u00e2nsito e Transporte de Caruaru (AMTTC), informa que a partir das 8h deste domingo (9) a av. Le\u00e3o Dourado nas imedia\u00e7\u00f5es do trevo do bairro Kennedy estar\u00e1 interditada em virtude da famosa caminhada do cuscuz, uma das mais tradicionais comidas gigantes do Maior e Melhor S\u00e3o Jo\u00e3o do Mundo, assim como as vias de acesso \u00e0 avenida no trajeto da caminhada. Informa ainda que os condutores que ir\u00e3o para o Alto do Moura, use a Br. 232 at\u00e9 o novo acesso que fica pr\u00f3ximo ao antigo posto de combust\u00edvel Agamenon ou o Distrito Industrial de Caruaru.<br \/>\nFoto: Divulga\u00e7\u00e3o\/Secom\/PMC<br \/>\nSeja seguidor do Instagram do Blog @blogdoedvaldomagalhaes<\/p>\n\n\n<figure class=\"wp-block-image size-large\"><img loading=\"lazy\" decoding=\"async\" width=\"824\" height=\"1024\" src=\"https:\/\/blogdoedvaldomagalhaes.com.br\/wp-content\/uploads\/2024\/06\/img-20240531-wa04114589614620981899498-824x1024.jpg\" alt=\"\" class=\"wp-image-109061\" srcset=\"https:\/\/blogdoedvaldomagalhaes.com.br\/wp-content\/uploads\/2024\/06\/img-20240531-wa04114589614620981899498-824x1024.jpg 824w, https:\/\/blogdoedvaldomagalhaes.com.br\/wp-content\/uploads\/2024\/06\/img-20240531-wa04114589614620981899498-242x300.jpg 242w, https:\/\/blogdoedvaldomagalhaes.com.br\/wp-content\/uploads\/2024\/06\/img-20240531-wa04114589614620981899498-768x954.jpg 768w, https:\/\/blogdoedvaldomagalhaes.com.br\/wp-content\/uploads\/2024\/06\/img-20240531-wa04114589614620981899498-1237x1536.jpg 1237w, https:\/\/blogdoedvaldomagalhaes.com.br\/wp-content\/uploads\/2024\/06\/img-20240531-wa04114589614620981899498.jpg 1284w\" sizes=\"auto, (max-width: 824px) 100vw, 824px\" \/><\/figure>\n\n\n\n<figure class=\"wp-block-image size-large\"><img loading=\"lazy\" decoding=\"async\" width=\"576\" height=\"1024\" src=\"https:\/\/blogdoedvaldomagalhaes.com.br\/wp-content\/uploads\/2024\/06\/img-20240530-wa00551419741233068938196-576x1024.jpg\" alt=\"\" class=\"wp-image-109046\" srcset=\"https:\/\/blogdoedvaldomagalhaes.com.br\/wp-content\/uploads\/2024\/06\/img-20240530-wa00551419741233068938196-576x1024.jpg 576w, https:\/\/blogdoedvaldomagalhaes.com.br\/wp-content\/uploads\/2024\/06\/img-20240530-wa00551419741233068938196-169x300.jpg 169w, https:\/\/blogdoedvaldomagalhaes.com.br\/wp-content\/uploads\/2024\/06\/img-20240530-wa00551419741233068938196-768x1365.jpg 768w, https:\/\/blogdoedvaldomagalhaes.com.br\/wp-content\/uploads\/2024\/06\/img-20240530-wa00551419741233068938196-864x1536.jpg 864w, https:\/\/blogdoedvaldomagalhaes.com.br\/wp-content\/uploads\/2024\/06\/img-20240530-wa00551419741233068938196.jpg 900w\" sizes=\"auto, (max-width: 576px) 100vw, 576px\" \/><\/figure>\n","protected":false},"excerpt":{"rendered":"<p>A Autarquia de Mobilidade, Tr\u00e2nsito e Transporte de Caruaru (AMTTC), informa que a partir das 8h deste domingo (9) a&hellip;<\/p>\n","protected":false},"author":1,"featured_media":21570,"comment_status":"closed","ping_status":"open","sticky":false,"template":"","format":"standard","meta":{"footnotes":""},"categories":[14120],"tags":[30736,30592,27410,2,28801,3406,6758],"class_list":["post-109209","post","type-post","status-publish","format-standard","has-post-thumbnail","hentry","category-noticias","tag-avenida-e-vias-de-acesso-serao-interditadas-para-a-caminhada-do-maior-cuscuz-do-mundo-neste-domingo-09","tag-blog-com-mais-seguidores","tag-blog-de-caruaru","tag-blog-do-edvaldo-magalhaes","tag-blog-mais-acessado","tag-caruaru","tag-sao-joao"],"_links":{"self":[{"href":"https:\/\/blogdoedvaldomagalhaes.com.br\/index.php\/wp-json\/wp\/v2\/posts\/109209","targetHints":{"allow":["GET"]}}],"collection":[{"href":"https:\/\/blogdoedvaldomagalhaes.com.br\/index.php\/wp-json\/wp\/v2\/posts"}],"about":[{"href":"https:\/\/blogdoedvaldomagalhaes.com.br\/index.php\/wp-json\/wp\/v2\/types\/post"}],"author":[{"embeddable":true,"href":"https:\/\/blogdoedvaldomagalhaes.com.br\/index.php\/wp-json\/wp\/v2\/users\/1"}],"replies":[{"embeddable":true,"href":"https:\/\/blogdoedvaldomagalhaes.com.br\/index.php\/wp-json\/wp\/v2\/comments?post=109209"}],"version-history":[{"count":2,"href":"https:\/\/blogdoedvaldomagalhaes.com.br\/index.php\/wp-json\/wp\/v2\/posts\/109209\/revisions"}],"predecessor-version":[{"id":109212,"href":"https:\/\/blogdoedvaldomagalhaes.com.br\/index.php\/wp-json\/wp\/v2\/posts\/109209\/revisions\/109212"}],"wp:featuredmedia":[{"embeddable":true,"href":"https:\/\/blogdoedvaldomagalhaes.com.br\/index.php\/wp-json\/wp\/v2\/media\/21570"}],"wp:attachment":[{"href":"https:\/\/blogdoedvaldomagalhaes.com.br\/index.php\/wp-json\/wp\/v2\/media?parent=109209"}],"wp:term":[{"taxonomy":"category","embeddable":true,"href":"https:\/\/blogdoedvaldomagalhaes.com.br\/index.php\/wp-json\/wp\/v2\/categories?post=109209"},{"taxonomy":"post_tag","embeddable":true,"href":"https:\/\/blogdoedvaldomagalhaes.com.br\/index.php\/wp-json\/wp\/v2\/tags?post=109209"}],"curies":[{"name":"wp","href":"https:\/\/api.w.org\/{rel}","templated":true}]}}