{"id":109206,"date":"2024-06-07T15:51:13","date_gmt":"2024-06-07T18:51:13","guid":{"rendered":"https:\/\/blogdoedvaldomagalhaes.com.br\/?p=109206"},"modified":"2024-06-07T16:05:09","modified_gmt":"2024-06-07T19:05:09","slug":"circuito-do-festival-gastronomico-conheca-caruaru-vai-ate-dia-31-de-julho","status":"publish","type":"post","link":"https:\/\/blogdoedvaldomagalhaes.com.br\/index.php\/2024\/06\/07\/circuito-do-festival-gastronomico-conheca-caruaru-vai-ate-dia-31-de-julho\/","title":{"rendered":"Circuito do Festival Gastron\u00f4mico \u201cConhe\u00e7a Caruaru vai at\u00e9 dia 31 de julho"},"content":{"rendered":"<p>O circuito do Festival Gastron\u00f4mico \u201cConhe\u00e7a Caruaru\u201d, j\u00e1 come\u00e7ou desde o dia 1\u00ba de junho em 35 estabelecimentos do munic\u00edpio, tanto na cidade quanto na zona rural. A iniciativa \u00e9 da Prefeitura de Caruaru, por meio da Secretaria de Desenvolvimento Econ\u00f4mico, Turismo, Tecnologia e Economia Criativa (Sedetec). O circuito vai at\u00e9 o dia 31 de julho. <\/p>\n<p>Quem quiser participar do circuito deve ir aos estabelecimentos cadastrados (ver rela\u00e7\u00e3o) e solicitar o prato participante do festival. No estabelecimento ser\u00e1 oferecido o cart\u00e3o fidelidade, para que o consumidor que atingir 10 adesivos seja contemplado com um pr\u00eamio exclusivo.<\/p>\n<p>O Festival Gastron\u00f4mico \u201cConhe\u00e7a Caruaru&#8221;, teve in\u00edcio no m\u00eas de maio com mentorias aos restaurantes participantes. Em seguida, aconteceu a escolha dos pratos que est\u00e3o participando do circuito. <\/p>\n<p>O Festival conta com os parceiros: Servi\u00e7o Brasileiro de Apoio \u00e0s Micro e Pequenas Empresas (Sebrae), Instituto Cesar Santos e Coca-Cola, al\u00e9m do apoio da Associa\u00e7\u00e3o Brasileira de Bares e Restaurantes (Abrasel). <\/p>\n<p>*Restaurantes cadastrados:*<\/p>\n<p>Barraca da Tia Guida<br \/>\nRestaurante M\u00e3e Beata<br \/>\nTia Bia<br \/>\nRestaurante do Heleno<br \/>\nS\u00e3o Jo\u00e3o &#8211; Sueli<br \/>\nEmp\u00f3rio Raiz<br \/>\nRest\u00f4 Cozinha de Charme<br \/>\nVaranda<br \/>\nNegro Brownie<br \/>\nMatuto\u00b4s Grill Churrasco Grego<br \/>\nBoteco Paulistano<br \/>\nSeu Z\u00e9 Lounge<br \/>\nSantorini Culin\u00e1ria Mediterr\u00e2nea<br \/>\nO Bar\u00e3o<br \/>\nCa\u00e7arola do Visconde<br \/>\nVia Regional<br \/>\nCrocant\u00b4s Pastelaria<br \/>\nHSM Burguer<br \/>\nChef Adalberto<br \/>\nTerra\u00e7o Murici<br \/>\nNourish Bistr\u00f4 Fit<br \/>\nSmash Burger<br \/>\nA\u00e7aideli<br \/>\nPizzaria Sabor Paulista<br \/>\nRestaurante Charque do Paulista<br \/>\nLa Pizza Delivery<br \/>\nMaricai Restaurante<br \/>\nMultifood Caruaru<br \/>\nNuut Burguer<br \/>\nChef Patrick Comedoria<br \/>\nRestaurante Lengo Tengo<br \/>\nCantinho Comedoria<br \/>\nRestaurante Terra de Vitalino S\u00e3o Jos\u00e9<br \/>\nLambretta Caf\u00e9 e Bistr\u00f4<br \/>\nRestaurante Bar da Perua<br \/>\nFotos:Jorge Farias\/Secom\/PMC<br \/>\nSeja seguidor do Instagram do Blog @blogdoedvaldomagalhaes<\/p>\n","protected":false},"excerpt":{"rendered":"<p>O circuito do Festival Gastron\u00f4mico \u201cConhe\u00e7a Caruaru\u201d, j\u00e1 come\u00e7ou desde o dia 1\u00ba de junho em 35 estabelecimentos do munic\u00edpio,&hellip;<\/p>\n","protected":false},"author":1,"featured_media":109207,"comment_status":"closed","ping_status":"open","sticky":false,"template":"","format":"standard","meta":{"footnotes":""},"categories":[14120],"tags":[30253,30592,13146,28801,3406,30735,6],"class_list":["post-109206","post","type-post","status-publish","format-standard","has-post-thumbnail","hentry","category-noticias","tag-blog-caruaru","tag-blog-com-mais-seguidores","tag-blog-edvaldo-magalhaes","tag-blog-mais-acessado","tag-caruaru","tag-circuito-do-festival-gastronomico-conheca-caruaru-iniciou-e-vai-ate-dia-31-de-julho","tag-noticias"],"_links":{"self":[{"href":"https:\/\/blogdoedvaldomagalhaes.com.br\/index.php\/wp-json\/wp\/v2\/posts\/109206","targetHints":{"allow":["GET"]}}],"collection":[{"href":"https:\/\/blogdoedvaldomagalhaes.com.br\/index.php\/wp-json\/wp\/v2\/posts"}],"about":[{"href":"https:\/\/blogdoedvaldomagalhaes.com.br\/index.php\/wp-json\/wp\/v2\/types\/post"}],"author":[{"embeddable":true,"href":"https:\/\/blogdoedvaldomagalhaes.com.br\/index.php\/wp-json\/wp\/v2\/users\/1"}],"replies":[{"embeddable":true,"href":"https:\/\/blogdoedvaldomagalhaes.com.br\/index.php\/wp-json\/wp\/v2\/comments?post=109206"}],"version-history":[{"count":1,"href":"https:\/\/blogdoedvaldomagalhaes.com.br\/index.php\/wp-json\/wp\/v2\/posts\/109206\/revisions"}],"predecessor-version":[{"id":109208,"href":"https:\/\/blogdoedvaldomagalhaes.com.br\/index.php\/wp-json\/wp\/v2\/posts\/109206\/revisions\/109208"}],"wp:featuredmedia":[{"embeddable":true,"href":"https:\/\/blogdoedvaldomagalhaes.com.br\/index.php\/wp-json\/wp\/v2\/media\/109207"}],"wp:attachment":[{"href":"https:\/\/blogdoedvaldomagalhaes.com.br\/index.php\/wp-json\/wp\/v2\/media?parent=109206"}],"wp:term":[{"taxonomy":"category","embeddable":true,"href":"https:\/\/blogdoedvaldomagalhaes.com.br\/index.php\/wp-json\/wp\/v2\/categories?post=109206"},{"taxonomy":"post_tag","embeddable":true,"href":"https:\/\/blogdoedvaldomagalhaes.com.br\/index.php\/wp-json\/wp\/v2\/tags?post=109206"}],"curies":[{"name":"wp","href":"https:\/\/api.w.org\/{rel}","templated":true}]}}