{"id":109202,"date":"2024-06-07T15:36:05","date_gmt":"2024-06-07T18:36:05","guid":{"rendered":"https:\/\/blogdoedvaldomagalhaes.com.br\/?p=109202"},"modified":"2024-06-07T16:05:31","modified_gmt":"2024-06-07T19:05:31","slug":"maior-e-melhor-sao-joao-do-mundo-tem-oficinas-e-exposicoes-gratuitas-em-diversos-polos","status":"publish","type":"post","link":"https:\/\/blogdoedvaldomagalhaes.com.br\/index.php\/2024\/06\/07\/maior-e-melhor-sao-joao-do-mundo-tem-oficinas-e-exposicoes-gratuitas-em-diversos-polos\/","title":{"rendered":"Maior e Melhor S\u00e3o Jo\u00e3o do Mundo tem oficinas e exposi\u00e7\u00f5es gratuitas em diversos polos"},"content":{"rendered":"<p>Embora se fale muito sobre a presen\u00e7a massiva do forr\u00f3 no Maior e Melhor S\u00e3o Jo\u00e3o do Mundo, o festejo junino de Caruaru vai muito al\u00e9m da m\u00fasica e abra\u00e7a a cultura local em outras vertentes. Neste ano, diversas oficinas e exposi\u00e7\u00f5es gratuitas est\u00e3o sendo promovidas em diferentes polos e s\u00e3o \u00f3timas op\u00e7\u00f5es de lazer para quem gosta de apreciar os mais variados movimentos culturais. <\/p>\n<p>Uma delas \u00e9 a exposi\u00e7\u00e3o \u201cRecortes do Museu do Forr\u00f3 Luiz Gonzaga\u201d, que est\u00e1 no galp\u00e3o da Esta\u00e7\u00e3o Ferrovi\u00e1ria e pode ser visitada nos seguintes hor\u00e1rios: quartas e quintas-feiras, das 19h \u00e0s 0h; nas sextas e s\u00e1bados, das 18h \u00e0s 1h; e aos domingos, das 18h \u00e0s 0h, at\u00e9 o dia 29 de junho. A exposi\u00e7\u00e3o conta com fotos, textos, cartas e objetos pessoais do Rei do Bai\u00e3o, como \u00f3culos, rel\u00f3gio, agenda, sanfona, gib\u00e3o, chap\u00e9u de couro e outras pe\u00e7as e documentos.<\/p>\n<p>Outra exposi\u00e7\u00e3o que est\u00e1 na Esta\u00e7\u00e3o Ferrovi\u00e1ria \u00e9 \u201cO S\u00e3o Jo\u00e3o 2024 &#8211; Sinergia dos Sentidos\u201d, de William Smith, que tamb\u00e9m ficar\u00e1 exposta at\u00e9 o dia 29 de junho. Esta mostra conta com um recorte da cultura caruaruense e prop\u00f5e, de forma in\u00e9dita, que as pessoas mergulhem na mem\u00f3ria cultural do munic\u00edpio, seja por meio da fotografia, do cinema, do circo, entre outras. H\u00e1 tamb\u00e9m recursos como braille e audiodescri\u00e7\u00e3o. <\/p>\n<p>Ainda h\u00e1 uma terceira exposi\u00e7\u00e3o at\u00e9 o fim do m\u00eas na Esta\u00e7\u00e3o, a \u201cMestres e Mestras &#8211; Acervo da Casa da Mulher Artes\u00e3\u201d, que se trata de uma mostra de esculturas e pinturas em tela. J\u00e1 na Casa Rosa est\u00e1 sendo realizada a exposi\u00e7\u00e3o de artes visuais que leva o nome do espa\u00e7o e conta com pinturas sobre tela em tamanho grande e com temas regionais. <\/p>\n<p>O projeto de artes pl\u00e1sticas \u201cDesenhando S\u00e3o Jo\u00e3o com Caju Galon\u201d, que come\u00e7ou no S\u00e3o Jo\u00e3o na Ro\u00e7a, seguir\u00e1 na zona urbana, nos polos Infantil, Alto do Moura, Casa Rosa, Repente e Instrumental. No Memorial da Cidade, localizado na rua Duque de Caxias, est\u00e3o ocorrendo as exposi\u00e7\u00f5es \u201cColetivo Novos Imagin\u00e1rios\u201d, que foi proposta pelo fot\u00f3grafo Felipe Correia; e \u201cA Express\u00e3o Feminina no S\u00e3o Jo\u00e3o de Caruaru\u201d, de Suann Medeiros. Ambas ficam at\u00e9 o dia 20 de junho. <\/p>\n<p>A Associa\u00e7\u00e3o dos Artes\u00e3os (ABMAM) est\u00e1 recebendo o projeto \u201cOficineiros para o S\u00e3o Jo\u00e3o 2024\u201d at\u00e9 30 de junho, no Alto do Moura. A a\u00e7\u00e3o tem como objetivo mostrar a import\u00e2ncia da arte e da movimenta\u00e7\u00e3o do espa\u00e7o, sobretudo neste per\u00edodo de S\u00e3o Jo\u00e3o. As oficinas devem ocorrer das 9h \u00e0s 17h. Por fim, a Casa da Mulher Artes\u00e3 ter\u00e1 tanto o projeto Palco Escola como oficinas de barro.<br \/>\nFoto: Felipe Correira\/Secom\/PMC<br \/>\nSeja seguidor do Instagram do Blog @blogdoedvaldomagalhaes<\/p>\n\n\n<figure class=\"wp-block-image size-large\"><img loading=\"lazy\" decoding=\"async\" width=\"576\" height=\"1024\" src=\"https:\/\/blogdoedvaldomagalhaes.com.br\/wp-content\/uploads\/2024\/06\/img-20240530-wa00559190698672469118948-576x1024.jpg\" alt=\"\" class=\"wp-image-109060\" srcset=\"https:\/\/blogdoedvaldomagalhaes.com.br\/wp-content\/uploads\/2024\/06\/img-20240530-wa00559190698672469118948-576x1024.jpg 576w, https:\/\/blogdoedvaldomagalhaes.com.br\/wp-content\/uploads\/2024\/06\/img-20240530-wa00559190698672469118948-169x300.jpg 169w, https:\/\/blogdoedvaldomagalhaes.com.br\/wp-content\/uploads\/2024\/06\/img-20240530-wa00559190698672469118948-768x1365.jpg 768w, https:\/\/blogdoedvaldomagalhaes.com.br\/wp-content\/uploads\/2024\/06\/img-20240530-wa00559190698672469118948-864x1536.jpg 864w, https:\/\/blogdoedvaldomagalhaes.com.br\/wp-content\/uploads\/2024\/06\/img-20240530-wa00559190698672469118948.jpg 900w\" sizes=\"auto, (max-width: 576px) 100vw, 576px\" \/><\/figure>\n\n\n\n<figure class=\"wp-block-image size-large\"><img loading=\"lazy\" decoding=\"async\" width=\"824\" height=\"1024\" src=\"https:\/\/blogdoedvaldomagalhaes.com.br\/wp-content\/uploads\/2024\/06\/img-20240531-wa04114589614620981899498-824x1024.jpg\" alt=\"\" class=\"wp-image-109061\" srcset=\"https:\/\/blogdoedvaldomagalhaes.com.br\/wp-content\/uploads\/2024\/06\/img-20240531-wa04114589614620981899498-824x1024.jpg 824w, https:\/\/blogdoedvaldomagalhaes.com.br\/wp-content\/uploads\/2024\/06\/img-20240531-wa04114589614620981899498-242x300.jpg 242w, https:\/\/blogdoedvaldomagalhaes.com.br\/wp-content\/uploads\/2024\/06\/img-20240531-wa04114589614620981899498-768x954.jpg 768w, https:\/\/blogdoedvaldomagalhaes.com.br\/wp-content\/uploads\/2024\/06\/img-20240531-wa04114589614620981899498-1237x1536.jpg 1237w, https:\/\/blogdoedvaldomagalhaes.com.br\/wp-content\/uploads\/2024\/06\/img-20240531-wa04114589614620981899498.jpg 1284w\" sizes=\"auto, (max-width: 824px) 100vw, 824px\" \/><\/figure>\n","protected":false},"excerpt":{"rendered":"<p>Embora se fale muito sobre a presen\u00e7a massiva do forr\u00f3 no Maior e Melhor S\u00e3o Jo\u00e3o do Mundo, o festejo&hellip;<\/p>\n","protected":false},"author":1,"featured_media":109203,"comment_status":"closed","ping_status":"open","sticky":false,"template":"","format":"standard","meta":{"footnotes":""},"categories":[14120],"tags":[29440,27410,2,28801,30734,6,6758],"class_list":["post-109202","post","type-post","status-publish","format-standard","has-post-thumbnail","hentry","category-noticias","tag-blog-com-mais-visualizacao","tag-blog-de-caruaru","tag-blog-do-edvaldo-magalhaes","tag-blog-mais-acessado","tag-maior-e-melhor-sao-joao-do-mundo-tem-oficinas-e-exposicoes-gratuitas-em-diversos-polos","tag-noticias","tag-sao-joao"],"_links":{"self":[{"href":"https:\/\/blogdoedvaldomagalhaes.com.br\/index.php\/wp-json\/wp\/v2\/posts\/109202","targetHints":{"allow":["GET"]}}],"collection":[{"href":"https:\/\/blogdoedvaldomagalhaes.com.br\/index.php\/wp-json\/wp\/v2\/posts"}],"about":[{"href":"https:\/\/blogdoedvaldomagalhaes.com.br\/index.php\/wp-json\/wp\/v2\/types\/post"}],"author":[{"embeddable":true,"href":"https:\/\/blogdoedvaldomagalhaes.com.br\/index.php\/wp-json\/wp\/v2\/users\/1"}],"replies":[{"embeddable":true,"href":"https:\/\/blogdoedvaldomagalhaes.com.br\/index.php\/wp-json\/wp\/v2\/comments?post=109202"}],"version-history":[{"count":2,"href":"https:\/\/blogdoedvaldomagalhaes.com.br\/index.php\/wp-json\/wp\/v2\/posts\/109202\/revisions"}],"predecessor-version":[{"id":109205,"href":"https:\/\/blogdoedvaldomagalhaes.com.br\/index.php\/wp-json\/wp\/v2\/posts\/109202\/revisions\/109205"}],"wp:featuredmedia":[{"embeddable":true,"href":"https:\/\/blogdoedvaldomagalhaes.com.br\/index.php\/wp-json\/wp\/v2\/media\/109203"}],"wp:attachment":[{"href":"https:\/\/blogdoedvaldomagalhaes.com.br\/index.php\/wp-json\/wp\/v2\/media?parent=109202"}],"wp:term":[{"taxonomy":"category","embeddable":true,"href":"https:\/\/blogdoedvaldomagalhaes.com.br\/index.php\/wp-json\/wp\/v2\/categories?post=109202"},{"taxonomy":"post_tag","embeddable":true,"href":"https:\/\/blogdoedvaldomagalhaes.com.br\/index.php\/wp-json\/wp\/v2\/tags?post=109202"}],"curies":[{"name":"wp","href":"https:\/\/api.w.org\/{rel}","templated":true}]}}