{"id":109116,"date":"2024-06-04T16:55:32","date_gmt":"2024-06-04T19:55:32","guid":{"rendered":"https:\/\/blogdoedvaldomagalhaes.com.br\/?p=109116"},"modified":"2024-06-04T17:07:53","modified_gmt":"2024-06-04T20:07:53","slug":"festa-do-maior-queijo-de-coalho-assado-sera-realizada-no-bairro-andorinhas-em-caruaru","status":"publish","type":"post","link":"https:\/\/blogdoedvaldomagalhaes.com.br\/index.php\/2024\/06\/04\/festa-do-maior-queijo-de-coalho-assado-sera-realizada-no-bairro-andorinhas-em-caruaru\/","title":{"rendered":"Festa do Maior Queijo de Coalho Assado ser\u00e1 realizada no bairro Andorinhas, em Caruaru"},"content":{"rendered":"<p>Desde 2015, a Festa do Maior Queijo de Coalho Assado tem confirmado sua presen\u00e7a no calend\u00e1rio cultural de Caruaru, resultando na inclus\u00e3o do bairro Andorinhas no roteiro e agenda das festividades juninas da capital do Agreste. O seu idealizador, Carlos Andr\u00e9, declara que o evento tem provocado bons resultados na economia do bairro, como tamb\u00e9m na sociabilidade dos moradores da regi\u00e3o j\u00e1 que na festa h\u00e1 um polo kids para a crian\u00e7ada ofertando gratuitamente brinquedos, pipoca e algod\u00e3o doce.<\/p>\n<p>\u201cEspero que a festa do Maior Queijo de Coalho Assado sempre tenha este olhar e proporcione o entretenimento social do bairro Andorinhas\u201d, afirmou Carlos Andr\u00e9.<\/p>\n<p>Seja seguidor do Instagram do Blog @blogdoedvaldomagalhaes<\/p>\n","protected":false},"excerpt":{"rendered":"<p>Desde 2015, a Festa do Maior Queijo de Coalho Assado tem confirmado sua presen\u00e7a no calend\u00e1rio cultural de Caruaru, resultando&hellip;<\/p>\n","protected":false},"author":1,"featured_media":109117,"comment_status":"closed","ping_status":"open","sticky":false,"template":"","format":"standard","meta":{"footnotes":""},"categories":[14120],"tags":[30253,30592,2,28801,30711,6758],"class_list":["post-109116","post","type-post","status-publish","format-standard","has-post-thumbnail","hentry","category-noticias","tag-blog-caruaru","tag-blog-com-mais-seguidores","tag-blog-do-edvaldo-magalhaes","tag-blog-mais-acessado","tag-comida-gigante","tag-sao-joao"],"_links":{"self":[{"href":"https:\/\/blogdoedvaldomagalhaes.com.br\/index.php\/wp-json\/wp\/v2\/posts\/109116","targetHints":{"allow":["GET"]}}],"collection":[{"href":"https:\/\/blogdoedvaldomagalhaes.com.br\/index.php\/wp-json\/wp\/v2\/posts"}],"about":[{"href":"https:\/\/blogdoedvaldomagalhaes.com.br\/index.php\/wp-json\/wp\/v2\/types\/post"}],"author":[{"embeddable":true,"href":"https:\/\/blogdoedvaldomagalhaes.com.br\/index.php\/wp-json\/wp\/v2\/users\/1"}],"replies":[{"embeddable":true,"href":"https:\/\/blogdoedvaldomagalhaes.com.br\/index.php\/wp-json\/wp\/v2\/comments?post=109116"}],"version-history":[{"count":1,"href":"https:\/\/blogdoedvaldomagalhaes.com.br\/index.php\/wp-json\/wp\/v2\/posts\/109116\/revisions"}],"predecessor-version":[{"id":109118,"href":"https:\/\/blogdoedvaldomagalhaes.com.br\/index.php\/wp-json\/wp\/v2\/posts\/109116\/revisions\/109118"}],"wp:featuredmedia":[{"embeddable":true,"href":"https:\/\/blogdoedvaldomagalhaes.com.br\/index.php\/wp-json\/wp\/v2\/media\/109117"}],"wp:attachment":[{"href":"https:\/\/blogdoedvaldomagalhaes.com.br\/index.php\/wp-json\/wp\/v2\/media?parent=109116"}],"wp:term":[{"taxonomy":"category","embeddable":true,"href":"https:\/\/blogdoedvaldomagalhaes.com.br\/index.php\/wp-json\/wp\/v2\/categories?post=109116"},{"taxonomy":"post_tag","embeddable":true,"href":"https:\/\/blogdoedvaldomagalhaes.com.br\/index.php\/wp-json\/wp\/v2\/tags?post=109116"}],"curies":[{"name":"wp","href":"https:\/\/api.w.org\/{rel}","templated":true}]}}