{"id":108822,"date":"2024-05-25T11:17:21","date_gmt":"2024-05-25T14:17:21","guid":{"rendered":"https:\/\/blogdoedvaldomagalhaes.com.br\/?p=108822"},"modified":"2024-05-25T18:59:04","modified_gmt":"2024-05-25T21:59:04","slug":"14a-edicao-da-maior-mesa-junina-do-mundo-sera-realizada-na-vila-lajes-neste-domingo-26","status":"publish","type":"post","link":"https:\/\/blogdoedvaldomagalhaes.com.br\/index.php\/2024\/05\/25\/14a-edicao-da-maior-mesa-junina-do-mundo-sera-realizada-na-vila-lajes-neste-domingo-26\/","title":{"rendered":"14\u00aa edi\u00e7\u00e3o da Maior Mesa Junina do Mundo ser\u00e1 realizada na Vila Lajes, neste domingo (26)"},"content":{"rendered":"<p>A tradicional festa da Maior Mesa Junina do Mundo, que era realizada no dia 23 de junho, v\u00e9spera de S\u00e3o Jo\u00e3o, neste ano, foi antecipada para este domingo dia 26, a partir das 19h, na Vila Lajes, no 2\u2022 Distrito de Caruaru. O evento chega a sua 14\u2022 edi\u00e7\u00e3o, onde centenas de forrozeiros de muitas comunidades v\u00e3o saborear gratuitamente v\u00e1rias comidas t\u00edpicas do per\u00edodo junino, como pamonha, canjica, milho assado e cozido, bolos de muitos sabores, entre outras comidas.<\/p>\n<p>Para o organizador do evento, vereador Galego de Lajes, a Mesa Junina \u00e9 muito atrativa e familiar. \u201cPrimeiramente por ser uma variedade de comidas t\u00edpicas do nordeste chama a aten\u00e7\u00e3o da popula\u00e7\u00e3o caruaruense que vem para se divertir e se deliciar com os sabores da terra\u201d, explica Galego de Lajes.<\/p>\n<p>O evento, que come\u00e7ou em 2009, teve seu in\u00edcio com uma reuni\u00e3o de comunidade, onde cada pessoa levava um prato para se reunir no centro do distrito e compartilhar a mesa e acender a fogueira. \u201cJ\u00e1 existiam algumas comidas gigantes em Caruaru. Ent\u00e3o eu e alguns colegas, moradores do S\u00edtio Lajes, decidimos criar uma festa na v\u00e9spera de S\u00e3o Jo\u00e3o aqui, tendo em vista que a popula\u00e7\u00e3o da zona rural prefere n\u00e3o se deslocar ao p\u00e1tio principal de eventos. Por isso, a cria\u00e7\u00e3o dessa festa\u201d, conclui, Galego.<\/p>\n<p>A mesa, que tem 35 metros, serve uma tonelada de comida. S\u00e3o servidos: pamonha, canjica, mungunz\u00e1, milho cozinhado, x\u00e9rem com galinha, cuscuz temperado e uma variedade de bolos e bolachas. <span style=\"font-size: revert;\">A noite ainda contar\u00e1 \u00a0com muito forr\u00f3 para animar todos. <\/span><span style=\"font-size: revert;\">A Vila Lajes fica localizada \u00e0s margens da BR 104, ap\u00f3s o Lampi\u00e3o, a 30 quil\u00f4metros do centro de Caruaru. Foto: Arquivo\u00a0<\/span><\/p>\n<p>Seja seguidor do Instagram do Blog, para comentar @blogdoedvaldomagalhaes<\/p>\n","protected":false},"excerpt":{"rendered":"<p>A tradicional festa da Maior Mesa Junina do Mundo, que era realizada no dia 23 de junho, v\u00e9spera de S\u00e3o&hellip;<\/p>\n","protected":false},"author":1,"featured_media":21162,"comment_status":"closed","ping_status":"open","sticky":false,"template":"","format":"standard","meta":{"footnotes":""},"categories":[14120],"tags":[30592,2,28801,13904,6758],"class_list":["post-108822","post","type-post","status-publish","format-standard","has-post-thumbnail","hentry","category-noticias","tag-blog-com-mais-seguidores","tag-blog-do-edvaldo-magalhaes","tag-blog-mais-acessado","tag-comidas-gigantes","tag-sao-joao"],"_links":{"self":[{"href":"https:\/\/blogdoedvaldomagalhaes.com.br\/index.php\/wp-json\/wp\/v2\/posts\/108822","targetHints":{"allow":["GET"]}}],"collection":[{"href":"https:\/\/blogdoedvaldomagalhaes.com.br\/index.php\/wp-json\/wp\/v2\/posts"}],"about":[{"href":"https:\/\/blogdoedvaldomagalhaes.com.br\/index.php\/wp-json\/wp\/v2\/types\/post"}],"author":[{"embeddable":true,"href":"https:\/\/blogdoedvaldomagalhaes.com.br\/index.php\/wp-json\/wp\/v2\/users\/1"}],"replies":[{"embeddable":true,"href":"https:\/\/blogdoedvaldomagalhaes.com.br\/index.php\/wp-json\/wp\/v2\/comments?post=108822"}],"version-history":[{"count":3,"href":"https:\/\/blogdoedvaldomagalhaes.com.br\/index.php\/wp-json\/wp\/v2\/posts\/108822\/revisions"}],"predecessor-version":[{"id":108827,"href":"https:\/\/blogdoedvaldomagalhaes.com.br\/index.php\/wp-json\/wp\/v2\/posts\/108822\/revisions\/108827"}],"wp:featuredmedia":[{"embeddable":true,"href":"https:\/\/blogdoedvaldomagalhaes.com.br\/index.php\/wp-json\/wp\/v2\/media\/21162"}],"wp:attachment":[{"href":"https:\/\/blogdoedvaldomagalhaes.com.br\/index.php\/wp-json\/wp\/v2\/media?parent=108822"}],"wp:term":[{"taxonomy":"category","embeddable":true,"href":"https:\/\/blogdoedvaldomagalhaes.com.br\/index.php\/wp-json\/wp\/v2\/categories?post=108822"},{"taxonomy":"post_tag","embeddable":true,"href":"https:\/\/blogdoedvaldomagalhaes.com.br\/index.php\/wp-json\/wp\/v2\/tags?post=108822"}],"curies":[{"name":"wp","href":"https:\/\/api.w.org\/{rel}","templated":true}]}}