{"id":108770,"date":"2024-05-24T09:54:40","date_gmt":"2024-05-24T12:54:40","guid":{"rendered":"https:\/\/blogdoedvaldomagalhaes.com.br\/?p=108770"},"modified":"2024-05-24T09:54:41","modified_gmt":"2024-05-24T12:54:41","slug":"penultimo-fim-de-semana-do-sao-joao-na-roca-chega-a-malhada-de-pedra-e-pau-santo","status":"publish","type":"post","link":"https:\/\/blogdoedvaldomagalhaes.com.br\/index.php\/2024\/05\/24\/penultimo-fim-de-semana-do-sao-joao-na-roca-chega-a-malhada-de-pedra-e-pau-santo\/","title":{"rendered":"Pen\u00faltimo fim de semana do S\u00e3o Jo\u00e3o na Ro\u00e7a chega a Malhada de Pedra e Pau Santo"},"content":{"rendered":"<p>No pen\u00faltimo fim de semana de S\u00e3o Jo\u00e3o na Ro\u00e7a, a festa ser\u00e1 realizada em Malhada de Pedra e Pau Santo, nos dias 24 e 25 de maio, respectivamente. Al\u00e9m das tradicionais apresenta\u00e7\u00f5es, o p\u00fablico tamb\u00e9m poder\u00e1 prestigiar, mais uma vez, o Projeto de Artes Pl\u00e1sticas Desenhando S\u00e3o Jo\u00e3o com Caju Galon.<\/p>\n<p>Quem for \u00e0s comunidades rurais neste fim de semana, poder\u00e1 prestigiar grupos de dan\u00e7a, banda de p\u00edfanos, batalh\u00f5es de bacamarteiros e as tradicionais apresenta\u00e7\u00f5es musicais. <\/p>\n<p>*Confira a programa\u00e7\u00e3o do sexto fim de semana de S\u00e3o Jo\u00e3o na Ro\u00e7a:*<\/p>\n<p>_Malhada de Pedra \u2013 sexta-feira (24)_<br \/>\n18h \u00e0s 0h \u2013 Projeto de Artes Pl\u00e1sticas Desenhando S\u00e3o Jo\u00e3o com Caju Galon<br \/>\n18h \u00e0s 19h30 \u2013 Ballet Cia Marcos Mercury (itinerante)<br \/>\n18h \u00e0s 19h30 \u2013 Batalh\u00e3o de Bacamarteiros 25 (itinerante)<br \/>\n18h \u00e0s 19h30 \u2013 Banda de P\u00edfano Arrasta Pif (itinerante)<br \/>\n18h \u00e0s 19h30 \u2013 Trio Vozes da Seca<br \/>\n20h \u00e0s 21h30 \u2013 Banda Alternativa<br \/>\n22h \u00e0s 23h30 \u2013 Raphael Moura<\/p>\n<p>_Pau Santo \u2013 s\u00e1bado (25)_<br \/>\n18h \u00e0s 19h30 \u2013 Ballet Cia Marcos Mercury (itinerante)<br \/>\n18h \u00e0s 19h30 \u2013 Batalh\u00e3o de Bacamarteiros 33 (itinerante)<br \/>\n18h \u00e0s 19h30 \u2013 Quadrilha Junina Brincantes do Sert\u00e3o (itinerante)<br \/>\n18h \u00e0s 19h30 \u2013 Trio Caruru<br \/>\n20h \u00e0s 21h30 \u2013 Banda Top\u00e1zio<br \/>\n22h \u00e0s 23h30 \u2013 Ed Carlos<br \/>\nFoto: Jorge Farias\/Secom\/PMC<br \/>\nSeja seguidor do Instagram do Blog @blogdoedvaldomagalhaes<\/p>\n","protected":false},"excerpt":{"rendered":"<p>No pen\u00faltimo fim de semana de S\u00e3o Jo\u00e3o na Ro\u00e7a, a festa ser\u00e1 realizada em Malhada de Pedra e Pau&hellip;<\/p>\n","protected":false},"author":1,"featured_media":108771,"comment_status":"closed","ping_status":"open","sticky":false,"template":"","format":"standard","meta":{"footnotes":""},"categories":[14120],"tags":[30253,30592,2,28801,30612],"class_list":["post-108770","post","type-post","status-publish","format-standard","has-post-thumbnail","hentry","category-noticias","tag-blog-caruaru","tag-blog-com-mais-seguidores","tag-blog-do-edvaldo-magalhaes","tag-blog-mais-acessado","tag-penultimo-fim-de-semana-do-sao-joao-na-roca-chega-a-malhada-de-pedra-e-pau-santo"],"_links":{"self":[{"href":"https:\/\/blogdoedvaldomagalhaes.com.br\/index.php\/wp-json\/wp\/v2\/posts\/108770","targetHints":{"allow":["GET"]}}],"collection":[{"href":"https:\/\/blogdoedvaldomagalhaes.com.br\/index.php\/wp-json\/wp\/v2\/posts"}],"about":[{"href":"https:\/\/blogdoedvaldomagalhaes.com.br\/index.php\/wp-json\/wp\/v2\/types\/post"}],"author":[{"embeddable":true,"href":"https:\/\/blogdoedvaldomagalhaes.com.br\/index.php\/wp-json\/wp\/v2\/users\/1"}],"replies":[{"embeddable":true,"href":"https:\/\/blogdoedvaldomagalhaes.com.br\/index.php\/wp-json\/wp\/v2\/comments?post=108770"}],"version-history":[{"count":1,"href":"https:\/\/blogdoedvaldomagalhaes.com.br\/index.php\/wp-json\/wp\/v2\/posts\/108770\/revisions"}],"predecessor-version":[{"id":108772,"href":"https:\/\/blogdoedvaldomagalhaes.com.br\/index.php\/wp-json\/wp\/v2\/posts\/108770\/revisions\/108772"}],"wp:featuredmedia":[{"embeddable":true,"href":"https:\/\/blogdoedvaldomagalhaes.com.br\/index.php\/wp-json\/wp\/v2\/media\/108771"}],"wp:attachment":[{"href":"https:\/\/blogdoedvaldomagalhaes.com.br\/index.php\/wp-json\/wp\/v2\/media?parent=108770"}],"wp:term":[{"taxonomy":"category","embeddable":true,"href":"https:\/\/blogdoedvaldomagalhaes.com.br\/index.php\/wp-json\/wp\/v2\/categories?post=108770"},{"taxonomy":"post_tag","embeddable":true,"href":"https:\/\/blogdoedvaldomagalhaes.com.br\/index.php\/wp-json\/wp\/v2\/tags?post=108770"}],"curies":[{"name":"wp","href":"https:\/\/api.w.org\/{rel}","templated":true}]}}