{"id":108768,"date":"2024-05-24T09:21:59","date_gmt":"2024-05-24T12:21:59","guid":{"rendered":"https:\/\/blogdoedvaldomagalhaes.com.br\/?p=108768"},"modified":"2024-05-24T09:22:00","modified_gmt":"2024-05-24T12:22:00","slug":"vereador-jorge-quintino-propoe-obrigatoriedade-de-abafadores-para-autistas-nos-shoppings-de-caruaru","status":"publish","type":"post","link":"https:\/\/blogdoedvaldomagalhaes.com.br\/index.php\/2024\/05\/24\/vereador-jorge-quintino-propoe-obrigatoriedade-de-abafadores-para-autistas-nos-shoppings-de-caruaru\/","title":{"rendered":"Vereador Jorge Quintino Prop\u00f5e Obrigatoriedade de Abafadores para Autistas nos Shoppings de Caruaru"},"content":{"rendered":"<p>O vereador Jorge Quintino apresentou um anteprojeto de lei que visa tornar obrigat\u00f3ria a disponibiliza\u00e7\u00e3o de aparelhos abafadores de ru\u00eddos para pessoas com Transtorno do Espectro Autista (TEA) nos Shoppings Centers situados no munic\u00edpio de Caruaru.<\/p>\n<p>O uso de abafadores de ru\u00eddos pode representar uma significativa melhoria na qualidade de vida para muitas pessoas com TEA. Reduzindo a sobrecarga sensorial, esses dispositivos podem auxiliar na concentra\u00e7\u00e3o em ambientes barulhentos, como escolas ou locais de trabalho; facilitar a participa\u00e7\u00e3o em atividades sociais, diminuindo a ansiedade provocada pelo excesso de ru\u00eddo; e contribuir para um maior conforto no cotidiano, permitindo que as pessoas com TEA se sintam mais relaxadas e menos estressadas.<\/p>\n<p>\u201cEsta proposta tem como objetivo principal proporcionar mais conforto e minimizar os ru\u00eddos durante as visitas aos Shoppings Centers para as pessoas com Transtorno do Espectro Autista\u201d, afirmou o vereador Jorge Quintino. \u201c\u00c9 fundamental garantir espa\u00e7os inclusivos e acess\u00edveis para todos os cidad\u00e3os, e essa medida \u00e9 um passo importante nessa dire\u00e7\u00e3o.\u201d<\/p>\n<p>A iniciativa de Jorge Quintino reflete o compromisso com a inclus\u00e3o e o respeito \u00e0 diversidade na cidade de Caruaru. Ao promover a conscientiza\u00e7\u00e3o sobre as necessidades das pessoas com TEA e implementar medidas concretas para apoi\u00e1-las, a proposta demonstra a import\u00e2ncia de criar uma comunidade mais acolhedora e inclusiva para todos os seus membros. Foto: Divulga\u00e7\u00e3o<br \/>\nSeja seguidor do Instagram do Blog @blogdoedvaldomagalhaes<\/p>\n","protected":false},"excerpt":{"rendered":"<p>O vereador Jorge Quintino apresentou um anteprojeto de lei que visa tornar obrigat\u00f3ria a disponibiliza\u00e7\u00e3o de aparelhos abafadores de ru\u00eddos&hellip;<\/p>\n","protected":false},"author":1,"featured_media":108199,"comment_status":"closed","ping_status":"open","sticky":false,"template":"","format":"standard","meta":{"footnotes":""},"categories":[14122],"tags":[30253,30592,2,28801,30611],"class_list":["post-108768","post","type-post","status-publish","format-standard","has-post-thumbnail","hentry","category-politica","tag-blog-caruaru","tag-blog-com-mais-seguidores","tag-blog-do-edvaldo-magalhaes","tag-blog-mais-acessado","tag-vereador-jorge-quintino-propoe-obrigatoriedade-de-abafadores-para-autistas-nos-shoppings-de-caruaru"],"_links":{"self":[{"href":"https:\/\/blogdoedvaldomagalhaes.com.br\/index.php\/wp-json\/wp\/v2\/posts\/108768","targetHints":{"allow":["GET"]}}],"collection":[{"href":"https:\/\/blogdoedvaldomagalhaes.com.br\/index.php\/wp-json\/wp\/v2\/posts"}],"about":[{"href":"https:\/\/blogdoedvaldomagalhaes.com.br\/index.php\/wp-json\/wp\/v2\/types\/post"}],"author":[{"embeddable":true,"href":"https:\/\/blogdoedvaldomagalhaes.com.br\/index.php\/wp-json\/wp\/v2\/users\/1"}],"replies":[{"embeddable":true,"href":"https:\/\/blogdoedvaldomagalhaes.com.br\/index.php\/wp-json\/wp\/v2\/comments?post=108768"}],"version-history":[{"count":1,"href":"https:\/\/blogdoedvaldomagalhaes.com.br\/index.php\/wp-json\/wp\/v2\/posts\/108768\/revisions"}],"predecessor-version":[{"id":108769,"href":"https:\/\/blogdoedvaldomagalhaes.com.br\/index.php\/wp-json\/wp\/v2\/posts\/108768\/revisions\/108769"}],"wp:featuredmedia":[{"embeddable":true,"href":"https:\/\/blogdoedvaldomagalhaes.com.br\/index.php\/wp-json\/wp\/v2\/media\/108199"}],"wp:attachment":[{"href":"https:\/\/blogdoedvaldomagalhaes.com.br\/index.php\/wp-json\/wp\/v2\/media?parent=108768"}],"wp:term":[{"taxonomy":"category","embeddable":true,"href":"https:\/\/blogdoedvaldomagalhaes.com.br\/index.php\/wp-json\/wp\/v2\/categories?post=108768"},{"taxonomy":"post_tag","embeddable":true,"href":"https:\/\/blogdoedvaldomagalhaes.com.br\/index.php\/wp-json\/wp\/v2\/tags?post=108768"}],"curies":[{"name":"wp","href":"https:\/\/api.w.org\/{rel}","templated":true}]}}