{"id":108765,"date":"2024-05-24T08:45:07","date_gmt":"2024-05-24T11:45:07","guid":{"rendered":"https:\/\/blogdoedvaldomagalhaes.com.br\/?p=108765"},"modified":"2024-05-24T08:55:40","modified_gmt":"2024-05-24T11:55:40","slug":"caminhao-tomba-na-br-104-em-caruaru","status":"publish","type":"post","link":"https:\/\/blogdoedvaldomagalhaes.com.br\/index.php\/2024\/05\/24\/caminhao-tomba-na-br-104-em-caruaru\/","title":{"rendered":"Caminh\u00e3o tomba na BR 104 em Caruaru"},"content":{"rendered":"<p>Por volta das 3h da madrugada, desta sexta-feira (24.05), a Pol\u00edcia Rodovi\u00e1ria Federal (PRF) foi acionada para atender um sinistro no km 67 da BR 104, em Caruaru. Ao chegar no local, encontrou um caminh\u00e3o tombado na al\u00e7a de acesso para a BR 232. N\u00e3o havia ningu\u00e9m no local.<\/p>\n<p>Em consulta, a equipe descobriu que o caminh\u00e3o possui suspeita de roubo. O ve\u00edculo transportava sacos pl\u00e1sticos. A equipe realizou buscas,  mas n\u00e3o localizou ningu\u00e9m na regi\u00e3o.<\/p>\n<p>O caminh\u00e3o j\u00e1 foi destombado, mas a al\u00e7a de acesso est\u00e1 fechada para a retirada da carga. Os ve\u00edculos est\u00e3o seguindo por outra al\u00e7a.<br \/>\nFoto: Divulga\u00e7\u00e3o\/PRF<br \/>\nSeja seguidor do Instagram do Blog @blogdoedvaldomagalhaes<\/p>\n","protected":false},"excerpt":{"rendered":"<p>Por volta das 3h da madrugada, desta sexta-feira (24.05), a Pol\u00edcia Rodovi\u00e1ria Federal (PRF) foi acionada para atender um sinistro&hellip;<\/p>\n","protected":false},"author":1,"featured_media":108766,"comment_status":"closed","ping_status":"open","sticky":false,"template":"","format":"standard","meta":{"footnotes":""},"categories":[14120],"tags":[14276,30592,27410,2,30610],"class_list":["post-108765","post","type-post","status-publish","format-standard","has-post-thumbnail","hentry","category-noticias","tag-acidente","tag-blog-com-mais-seguidores","tag-blog-de-caruaru","tag-blog-do-edvaldo-magalhaes","tag-caminhao-tomba-na-br-104-em-caruaru"],"_links":{"self":[{"href":"https:\/\/blogdoedvaldomagalhaes.com.br\/index.php\/wp-json\/wp\/v2\/posts\/108765","targetHints":{"allow":["GET"]}}],"collection":[{"href":"https:\/\/blogdoedvaldomagalhaes.com.br\/index.php\/wp-json\/wp\/v2\/posts"}],"about":[{"href":"https:\/\/blogdoedvaldomagalhaes.com.br\/index.php\/wp-json\/wp\/v2\/types\/post"}],"author":[{"embeddable":true,"href":"https:\/\/blogdoedvaldomagalhaes.com.br\/index.php\/wp-json\/wp\/v2\/users\/1"}],"replies":[{"embeddable":true,"href":"https:\/\/blogdoedvaldomagalhaes.com.br\/index.php\/wp-json\/wp\/v2\/comments?post=108765"}],"version-history":[{"count":1,"href":"https:\/\/blogdoedvaldomagalhaes.com.br\/index.php\/wp-json\/wp\/v2\/posts\/108765\/revisions"}],"predecessor-version":[{"id":108767,"href":"https:\/\/blogdoedvaldomagalhaes.com.br\/index.php\/wp-json\/wp\/v2\/posts\/108765\/revisions\/108767"}],"wp:featuredmedia":[{"embeddable":true,"href":"https:\/\/blogdoedvaldomagalhaes.com.br\/index.php\/wp-json\/wp\/v2\/media\/108766"}],"wp:attachment":[{"href":"https:\/\/blogdoedvaldomagalhaes.com.br\/index.php\/wp-json\/wp\/v2\/media?parent=108765"}],"wp:term":[{"taxonomy":"category","embeddable":true,"href":"https:\/\/blogdoedvaldomagalhaes.com.br\/index.php\/wp-json\/wp\/v2\/categories?post=108765"},{"taxonomy":"post_tag","embeddable":true,"href":"https:\/\/blogdoedvaldomagalhaes.com.br\/index.php\/wp-json\/wp\/v2\/tags?post=108765"}],"curies":[{"name":"wp","href":"https:\/\/api.w.org\/{rel}","templated":true}]}}