{"id":108715,"date":"2024-05-22T14:28:33","date_gmt":"2024-05-22T17:28:33","guid":{"rendered":"https:\/\/blogdoedvaldomagalhaes.com.br\/?p=108715"},"modified":"2024-05-22T14:28:33","modified_gmt":"2024-05-22T17:28:33","slug":"vereador-jorge-quintino-propoe-aquisicao-de-trajes-especificos-para-bandas-de-pifanos-no-sao-joao-de-caruaru","status":"publish","type":"post","link":"https:\/\/blogdoedvaldomagalhaes.com.br\/index.php\/2024\/05\/22\/vereador-jorge-quintino-propoe-aquisicao-de-trajes-especificos-para-bandas-de-pifanos-no-sao-joao-de-caruaru\/","title":{"rendered":"Vereador Jorge Quintino Prop\u00f5e Aquisi\u00e7\u00e3o de Trajes Espec\u00edficos para Bandas de P\u00edfanos no S\u00e3o Jo\u00e3o de Caruaru"},"content":{"rendered":"<p><span style=\"font-size: revert;\">O vereador Jorge Quintino encaminhou um requerimento ao Senhor Prefeito do Munic\u00edpio de Caruaru, Sr. Rodrigo Pinheiro, juntamente com o Presidente da Funda\u00e7\u00e3o de Cultura de Caruaru, Sr. Herlon Cavalcanti, solicitando a aquisi\u00e7\u00e3o de trajes espec\u00edficos para as Bandas de P\u00edfanos e a inclus\u00e3o de um cortejo das Bandas na programa\u00e7\u00e3o oficial do S\u00e3o Jo\u00e3o.<\/span><\/p>\n<p>A iniciativa visa celebrar de maneira po\u00e9tica e tradicional a linguagem que representa de forma singular a identidade sonora e est\u00e9tica de Caruaru: as Bandas de P\u00edfanos.<\/p>\n<p>\u201cMinha preocupa\u00e7\u00e3o n\u00e3o \u00e9 apenas aparecer, mas sim assegurar que a mem\u00f3ria e a cultura de nossa cidade sejam fortalecidas e garantidas para as pr\u00f3ximas gera\u00e7\u00f5es\u201d, afirma o vereador Jorge Quintino.<\/p>\n<p>O requerimento prop\u00f5e a entrega dos trajes aos Mestres e Mestras respons\u00e1veis pelas respectivas Bandas de P\u00edfanos inscritas no Mapa Cultural de Caruaru, que conduzir\u00e3o o cortejo em celebra\u00e7\u00e3o aos Pifanos de Caruaru todo dia 20 de junho, partindo da Rua Tr\u00eas de Maio em dire\u00e7\u00e3o ao Polo Mestre Sebasti\u00e3o Biano.<\/p>\n<p>Esta data, coincidente com o nascimento do Mestre Jo\u00e3o do Pife, ser\u00e1 marcada por uma solenidade especial, onde a cada ano ser\u00e1 homenageado um novo mestre, f\u00e3 da Cultura Popular, iniciando-se com o pr\u00f3prio Mestre Jo\u00e3o do Pife, que receber\u00e1 o t\u00edtulo de Doutor Honoris Causa pela Universidade Federal de Pernambuco.<\/p>\n<p>Foto: Vladimir Barreto<\/p>\n<p>Seja<\/p>\n","protected":false},"excerpt":{"rendered":"<p>O vereador Jorge Quintino encaminhou um requerimento ao Senhor Prefeito do Munic\u00edpio de Caruaru, Sr. Rodrigo Pinheiro, juntamente com o&hellip;<\/p>\n","protected":false},"author":1,"featured_media":108141,"comment_status":"closed","ping_status":"open","sticky":false,"template":"","format":"standard","meta":{"footnotes":""},"categories":[14122],"tags":[30253,2,28801,20295,30591],"class_list":["post-108715","post","type-post","status-publish","format-standard","has-post-thumbnail","hentry","category-politica","tag-blog-caruaru","tag-blog-do-edvaldo-magalhaes","tag-blog-mais-acessado","tag-politica-2","tag-vereador-jorge-quintino-propoe-aquisicao-de-trajes-especificos-para-bandas-de-pifanos-no-sao-joao-de-caruaru"],"_links":{"self":[{"href":"https:\/\/blogdoedvaldomagalhaes.com.br\/index.php\/wp-json\/wp\/v2\/posts\/108715","targetHints":{"allow":["GET"]}}],"collection":[{"href":"https:\/\/blogdoedvaldomagalhaes.com.br\/index.php\/wp-json\/wp\/v2\/posts"}],"about":[{"href":"https:\/\/blogdoedvaldomagalhaes.com.br\/index.php\/wp-json\/wp\/v2\/types\/post"}],"author":[{"embeddable":true,"href":"https:\/\/blogdoedvaldomagalhaes.com.br\/index.php\/wp-json\/wp\/v2\/users\/1"}],"replies":[{"embeddable":true,"href":"https:\/\/blogdoedvaldomagalhaes.com.br\/index.php\/wp-json\/wp\/v2\/comments?post=108715"}],"version-history":[{"count":1,"href":"https:\/\/blogdoedvaldomagalhaes.com.br\/index.php\/wp-json\/wp\/v2\/posts\/108715\/revisions"}],"predecessor-version":[{"id":108716,"href":"https:\/\/blogdoedvaldomagalhaes.com.br\/index.php\/wp-json\/wp\/v2\/posts\/108715\/revisions\/108716"}],"wp:featuredmedia":[{"embeddable":true,"href":"https:\/\/blogdoedvaldomagalhaes.com.br\/index.php\/wp-json\/wp\/v2\/media\/108141"}],"wp:attachment":[{"href":"https:\/\/blogdoedvaldomagalhaes.com.br\/index.php\/wp-json\/wp\/v2\/media?parent=108715"}],"wp:term":[{"taxonomy":"category","embeddable":true,"href":"https:\/\/blogdoedvaldomagalhaes.com.br\/index.php\/wp-json\/wp\/v2\/categories?post=108715"},{"taxonomy":"post_tag","embeddable":true,"href":"https:\/\/blogdoedvaldomagalhaes.com.br\/index.php\/wp-json\/wp\/v2\/tags?post=108715"}],"curies":[{"name":"wp","href":"https:\/\/api.w.org\/{rel}","templated":true}]}}